
{"id":6128,"date":"2023-09-11T09:53:00","date_gmt":"2023-09-11T09:53:00","guid":{"rendered":"https:\/\/clubdeportivolazubia.com\/?p=6128"},"modified":"2023-09-21T16:06:02","modified_gmt":"2023-09-21T16:06:02","slug":"iv-milla-urbana-fiestas-de-otura","status":"publish","type":"post","link":"https:\/\/clubdeportivolazubia.com\/?p=6128","title":{"rendered":"IV MILLA URBANA \u00abFIESTAS DE OTURA\u00bb"},"content":{"rendered":"\n\n\n<h3 class=\"wp-block-heading\">Gran actuaci\u00f3n de los\/as atletas del Club Deportivo La Zubia en la IV Milla Urbana Fiestas de Otura.<\/h3>\n\n\n\n<!--more-->\n\n\n\n<p>Los\/as atletas del Club Deportivo La Zubia han participado este s\u00e1bado 9 de septiembre en&nbsp;la III Milla Urbana Fiesta de Otura consiguiendo unos magn\u00edficos resultados.<\/p>\n\n\n\n<p>Los resultados conseguidos han sido los siguientes:<\/p>\n\n\n\n<p>Leo Musso Cortes, 3\u00ba Sub\u00b48 masculino.<\/p>\n\n\n\n<p>Roberto Martos L\u00f3pez, 18\u00ba Sub\u00b48 masculino.<\/p>\n\n\n\n<p>David Musso Cortes, 6\u00ba Sub\u00b410 masculino.<\/p>\n\n\n\n<p>Luc\u00eda S\u00e1nchez C\u00e1rdenas, 2\u00aa Absoluta y 2\u00aa sub\u00b418 femenino.<\/p>\n\n\n\n<p>Francisco Martos Roa, 7\u00ba absoluto masculino.<\/p>\n\n\n\n<p>David Jimenez Carretero, 8\u00ba absoluto masculino.<\/p>\n\n\n\n<figure class=\"wp-block-image size-full\"><img decoding=\"async\" loading=\"lazy\" width=\"702\" height=\"702\" src=\"https:\/\/clubdeportivolazubia.com\/wp-content\/uploads\/2023\/09\/pageJHJ.jpg\" alt=\"\" class=\"wp-image-6129\" srcset=\"https:\/\/clubdeportivolazubia.com\/wp-content\/uploads\/2023\/09\/pageJHJ.jpg 702w, https:\/\/clubdeportivolazubia.com\/wp-content\/uploads\/2023\/09\/pageJHJ-300x300.jpg 300w, https:\/\/clubdeportivolazubia.com\/wp-content\/uploads\/2023\/09\/pageJHJ-150x150.jpg 150w\" sizes=\"(max-width: 702px) 100vw, 702px\" \/><\/figure>\n\n\n\n<hr class=\"wp-block-separator has-alpha-channel-opacity\"\/>\n","protected":false},"excerpt":{"rendered":"<p>Gran actuaci\u00f3n de los\/as atletas del Club Deportivo La Zubia en la IV Milla Urbana Fiestas de Otura.<\/p>\n","protected":false},"author":1,"featured_media":6129,"comment_status":"open","ping_status":"open","sticky":false,"template":"","format":"image","meta":{"footnotes":""},"categories":[1],"tags":[],"_links":{"self":[{"href":"https:\/\/clubdeportivolazubia.com\/index.php?rest_route=\/wp\/v2\/posts\/6128"}],"collection":[{"href":"https:\/\/clubdeportivolazubia.com\/index.php?rest_route=\/wp\/v2\/posts"}],"about":[{"href":"https:\/\/clubdeportivolazubia.com\/index.php?rest_route=\/wp\/v2\/types\/post"}],"author":[{"embeddable":true,"href":"https:\/\/clubdeportivolazubia.com\/index.php?rest_route=\/wp\/v2\/users\/1"}],"replies":[{"embeddable":true,"href":"https:\/\/clubdeportivolazubia.com\/index.php?rest_route=%2Fwp%2Fv2%2Fcomments&post=6128"}],"version-history":[{"count":3,"href":"https:\/\/clubdeportivolazubia.com\/index.php?rest_route=\/wp\/v2\/posts\/6128\/revisions"}],"predecessor-version":[{"id":6140,"href":"https:\/\/clubdeportivolazubia.com\/index.php?rest_route=\/wp\/v2\/posts\/6128\/revisions\/6140"}],"wp:featuredmedia":[{"embeddable":true,"href":"https:\/\/clubdeportivolazubia.com\/index.php?rest_route=\/wp\/v2\/media\/6129"}],"wp:attachment":[{"href":"https:\/\/clubdeportivolazubia.com\/index.php?rest_route=%2Fwp%2Fv2%2Fmedia&parent=6128"}],"wp:term":[{"taxonomy":"category","embeddable":true,"href":"https:\/\/clubdeportivolazubia.com\/index.php?rest_route=%2Fwp%2Fv2%2Fcategories&post=6128"},{"taxonomy":"post_tag","embeddable":true,"href":"https:\/\/clubdeportivolazubia.com\/index.php?rest_route=%2Fwp%2Fv2%2Ftags&post=6128"}],"curies":[{"name":"wp","href":"https:\/\/api.w.org\/{rel}","templated":true}]}}