
{"id":6073,"date":"2023-08-02T09:38:26","date_gmt":"2023-08-02T09:38:26","guid":{"rendered":"https:\/\/clubdeportivolazubia.com\/?p=6073"},"modified":"2023-08-02T09:38:26","modified_gmt":"2023-08-02T09:38:26","slug":"vii-carrera-popular-pinos-genil","status":"publish","type":"post","link":"https:\/\/clubdeportivolazubia.com\/?p=6073","title":{"rendered":"VII CARRERA POPULAR \u00abPINOS GENIL\u00bb"},"content":{"rendered":"\n\n\n<h3 class=\"wp-block-heading\">Los atletas del Club Deportivo La Zubia participan en la VII Carrera Popular \u00abPinos Genil\u00bb<\/h3>\n\n\n\n<!--more-->\n\n\n\n<p>Los atletas del Club Deportivo La Zubia participan en la Carrera Popular \u00abPinos Genil\u00bb el d\u00eda 29 de julio.<\/p>\n\n\n\n<p>Los resultados de nuestros\/as atletas fueron los siguientes:<\/p>\n\n\n\n<p>\u2013 En la carrera de 6km particip\u00f3 Andr\u00e9s Rold\u00e1n Montilla, quedando 2\u00ba Senior.<\/p>\n\n\n\n<p>\u2013 En categor\u00eda \u201cchupetines\u201d, participaron David y Leo Musso Cortes (en esta categor\u00eda no hab\u00eda clasificaci\u00f3n).<\/p>\n\n\n\n<p><a href=\"http:\/\/ww.global-tempo.com\/resultados\/G-Live\/g-live.html?f=..\/2023\/07_30_pinos_genil\/VII_CARRERA__PINOS_GENIL_2023.clax\">RESULTADOS<\/a><\/p>\n\n\n\n<hr class=\"wp-block-separator has-alpha-channel-opacity\"\/>\n\n\n\n<p> .<\/p>\n","protected":false},"excerpt":{"rendered":"<p>Los atletas del Club Deportivo La Zubia participan en la VII Carrera Popular \u00abPinos Genil\u00bb<\/p>\n","protected":false},"author":1,"featured_media":6074,"comment_status":"open","ping_status":"open","sticky":false,"template":"","format":"image","meta":{"footnotes":""},"categories":[1],"tags":[],"_links":{"self":[{"href":"https:\/\/clubdeportivolazubia.com\/index.php?rest_route=\/wp\/v2\/posts\/6073"}],"collection":[{"href":"https:\/\/clubdeportivolazubia.com\/index.php?rest_route=\/wp\/v2\/posts"}],"about":[{"href":"https:\/\/clubdeportivolazubia.com\/index.php?rest_route=\/wp\/v2\/types\/post"}],"author":[{"embeddable":true,"href":"https:\/\/clubdeportivolazubia.com\/index.php?rest_route=\/wp\/v2\/users\/1"}],"replies":[{"embeddable":true,"href":"https:\/\/clubdeportivolazubia.com\/index.php?rest_route=%2Fwp%2Fv2%2Fcomments&post=6073"}],"version-history":[{"count":1,"href":"https:\/\/clubdeportivolazubia.com\/index.php?rest_route=\/wp\/v2\/posts\/6073\/revisions"}],"predecessor-version":[{"id":6075,"href":"https:\/\/clubdeportivolazubia.com\/index.php?rest_route=\/wp\/v2\/posts\/6073\/revisions\/6075"}],"wp:featuredmedia":[{"embeddable":true,"href":"https:\/\/clubdeportivolazubia.com\/index.php?rest_route=\/wp\/v2\/media\/6074"}],"wp:attachment":[{"href":"https:\/\/clubdeportivolazubia.com\/index.php?rest_route=%2Fwp%2Fv2%2Fmedia&parent=6073"}],"wp:term":[{"taxonomy":"category","embeddable":true,"href":"https:\/\/clubdeportivolazubia.com\/index.php?rest_route=%2Fwp%2Fv2%2Fcategories&post=6073"},{"taxonomy":"post_tag","embeddable":true,"href":"https:\/\/clubdeportivolazubia.com\/index.php?rest_route=%2Fwp%2Fv2%2Ftags&post=6073"}],"curies":[{"name":"wp","href":"https:\/\/api.w.org\/{rel}","templated":true}]}}