
{"id":5917,"date":"2023-07-03T09:28:38","date_gmt":"2023-07-03T09:28:38","guid":{"rendered":"https:\/\/clubdeportivolazubia.com\/?p=5917"},"modified":"2023-07-10T21:21:20","modified_gmt":"2023-07-10T21:21:20","slug":"xxxiv-prueba-de-fondo-rio-dilar","status":"publish","type":"post","link":"https:\/\/clubdeportivolazubia.com\/?p=5917","title":{"rendered":"XXXIV PRUEBA DE FONDO \u00abR\u00cdO DILAR\u201d"},"content":{"rendered":"<h3>Los atletas del Club Deportivo La Zubia participan en la Prueba de Fondo \u201cR\u00edo Dilar\u201d.<\/h3>\n<p><!--more--><\/p>\n<p>Los atletas del Club Deportivo La Zubia han participado en la Prueba de Fondo \u201cR\u00edo Dilar\u201d celebrada el domingo d\u00eda 2 de julio.\u00a0<span id=\"more-3386\"><\/span><span id=\"more-3313\"><\/span><\/p>\n<p>Los atletas del club que han participado han sido los siguientes:<\/p>\n<p data-offset-key=\"6jlfl-0-0\">\u2013 Jos\u00e9 Manuel Belmonte Barrales 9\u00ba Master C.<\/p>\n<p data-offset-key=\"6jlfl-0-0\">\u2013 Francisco Jos\u00e9 Garc\u00eda Miguel 17\u00ba Master C.<\/p>\n<p data-offset-key=\"6jlfl-0-0\"><span data-offset-key=\"6jlfl-0-0\">\u2013 Carlos Manuel Dieguez Baena 15\u00b0 Master E.<\/span><\/p>\n<p data-offset-key=\"6jlfl-0-0\">\u2013 Mois\u00e9s I\u00e1\u00f1ez D\u00edez\u00a0<span data-offset-key=\"6jlfl-0-0\">16\u00b0 Master F.<\/span><\/p>\n<p data-offset-key=\"6jlfl-0-0\"><a href=\"https:\/\/www.cruzandolameta.es\/clasificaciones\/v2\/xxxiv-prueba-de-fondo-rio-dilar---1763\/#clasificaciones\">RESULTADOS Y FOTOS<\/a><\/p>\n<p data-offset-key=\"6jlfl-0-0\"><img decoding=\"async\" loading=\"lazy\" class=\"aligncenter size-full wp-image-5937\" src=\"https:\/\/clubdeportivolazubia.com\/wp-content\/uploads\/2023\/07\/gfjgju.jpg\" alt=\"\" width=\"702\" height=\"702\" srcset=\"https:\/\/clubdeportivolazubia.com\/wp-content\/uploads\/2023\/07\/gfjgju.jpg 702w, https:\/\/clubdeportivolazubia.com\/wp-content\/uploads\/2023\/07\/gfjgju-300x300.jpg 300w, https:\/\/clubdeportivolazubia.com\/wp-content\/uploads\/2023\/07\/gfjgju-150x150.jpg 150w, https:\/\/clubdeportivolazubia.com\/wp-content\/uploads\/2023\/07\/gfjgju-70x70.jpg 70w\" sizes=\"(max-width: 702px) 100vw, 702px\" \/><\/p>\n<hr \/>\n<p class=\"_1mf _1mj\" data-offset-key=\"6jlfl-0-0\">\n<p data-offset-key=\"6jlfl-0-0\">\n","protected":false},"excerpt":{"rendered":"<p>Los atletas del Club Deportivo La Zubia participan en la Prueba de Fondo \u201cR\u00edo Dilar\u201d.<\/p>\n","protected":false},"author":1,"featured_media":5937,"comment_status":"open","ping_status":"open","sticky":false,"template":"","format":"image","meta":{"footnotes":""},"categories":[1],"tags":[],"_links":{"self":[{"href":"https:\/\/clubdeportivolazubia.com\/index.php?rest_route=\/wp\/v2\/posts\/5917"}],"collection":[{"href":"https:\/\/clubdeportivolazubia.com\/index.php?rest_route=\/wp\/v2\/posts"}],"about":[{"href":"https:\/\/clubdeportivolazubia.com\/index.php?rest_route=\/wp\/v2\/types\/post"}],"author":[{"embeddable":true,"href":"https:\/\/clubdeportivolazubia.com\/index.php?rest_route=\/wp\/v2\/users\/1"}],"replies":[{"embeddable":true,"href":"https:\/\/clubdeportivolazubia.com\/index.php?rest_route=%2Fwp%2Fv2%2Fcomments&post=5917"}],"version-history":[{"count":3,"href":"https:\/\/clubdeportivolazubia.com\/index.php?rest_route=\/wp\/v2\/posts\/5917\/revisions"}],"predecessor-version":[{"id":6024,"href":"https:\/\/clubdeportivolazubia.com\/index.php?rest_route=\/wp\/v2\/posts\/5917\/revisions\/6024"}],"wp:featuredmedia":[{"embeddable":true,"href":"https:\/\/clubdeportivolazubia.com\/index.php?rest_route=\/wp\/v2\/media\/5937"}],"wp:attachment":[{"href":"https:\/\/clubdeportivolazubia.com\/index.php?rest_route=%2Fwp%2Fv2%2Fmedia&parent=5917"}],"wp:term":[{"taxonomy":"category","embeddable":true,"href":"https:\/\/clubdeportivolazubia.com\/index.php?rest_route=%2Fwp%2Fv2%2Fcategories&post=5917"},{"taxonomy":"post_tag","embeddable":true,"href":"https:\/\/clubdeportivolazubia.com\/index.php?rest_route=%2Fwp%2Fv2%2Ftags&post=5917"}],"curies":[{"name":"wp","href":"https:\/\/api.w.org\/{rel}","templated":true}]}}