
{"id":5885,"date":"2023-06-26T10:56:21","date_gmt":"2023-06-26T10:56:21","guid":{"rendered":"https:\/\/clubdeportivolazubia.com\/?p=5885"},"modified":"2023-07-03T09:14:52","modified_gmt":"2023-07-03T09:14:52","slug":"carrera-popular-infantil-san-pedro-la-zubia-5","status":"publish","type":"post","link":"https:\/\/clubdeportivolazubia.com\/?p=5885","title":{"rendered":"CARRERA POPULAR INFANTIL SAN PEDRO, LA ZUBIA"},"content":{"rendered":"<h3>El pr\u00f3ximo domingo 2 de julio tendr\u00e1 lugar la Carrera Popular Infantil de San Pedro, La Zubia.<\/h3>\n<p><!--more--><\/p>\n<p>El domingo 2 de julio tendr\u00e1 lugar en La Zubia una nueva edici\u00f3n de la Carrera Popular Infantil de San Pedro.<\/p>\n<p>La salida y meta estar\u00e1 ubicada como en a\u00f1os anteriores en la Plaza de San Pedro (La Zubia) y tendr\u00e1 un recorrido circular y urbano por las calles del Barrio.<\/p>\n<p>Las inscripciones se podr\u00e1n realizar el mismo d\u00eda de la carrera en la salida a las 10 de la ma\u00f1ana.<\/p>\n<p>Las salidas se realizan por categor\u00edas, siendo la primera a las 10:30 h.<\/p>\n<p>Las categor\u00edas programadas son las siguientes:<\/p>\n<p>PITUFOS (Nacidos en los a\u00f1os: 2018, 2019, 2020, 2021, &#8230;), carrera no competitiva*.<\/p>\n<p>SUB-8 (Nacidos en los a\u00f1os: 2016-2017).<\/p>\n<p>SUB-10 (Nacidos en los a\u00f1os: 2014-2015).<\/p>\n<p>SUB-12 (Nacidos en los a\u00f1os: 2012-2013).<\/p>\n<p>SUB-14 (Nacidos en los a\u00f1os: 2010-2011).<\/p>\n<p>SUB-16 (Nacidos en los a\u00f1os: 2008-2009).<\/p>\n<p>PREMIOS:<\/p>\n<p>Trofeo al primer\/a clasificado\/a categor\u00edas de Sub-8 a Sub-16.<\/p>\n<p>Medalla a todos los\/as participantes.<\/p>\n<p><img decoding=\"async\" loading=\"lazy\" class=\"aligncenter wp-image-5906\" src=\"https:\/\/clubdeportivolazubia.com\/wp-content\/uploads\/2023\/06\/CARTEL-CARRERA-INFANTIL-SAN-PEDRO-2023-scaled.jpg\" alt=\"\" width=\"614\" height=\"877\" srcset=\"https:\/\/clubdeportivolazubia.com\/wp-content\/uploads\/2023\/06\/CARTEL-CARRERA-INFANTIL-SAN-PEDRO-2023-scaled.jpg 1793w, https:\/\/clubdeportivolazubia.com\/wp-content\/uploads\/2023\/06\/CARTEL-CARRERA-INFANTIL-SAN-PEDRO-2023-210x300.jpg 210w, https:\/\/clubdeportivolazubia.com\/wp-content\/uploads\/2023\/06\/CARTEL-CARRERA-INFANTIL-SAN-PEDRO-2023-717x1024.jpg 717w, https:\/\/clubdeportivolazubia.com\/wp-content\/uploads\/2023\/06\/CARTEL-CARRERA-INFANTIL-SAN-PEDRO-2023-768x1097.jpg 768w, https:\/\/clubdeportivolazubia.com\/wp-content\/uploads\/2023\/06\/CARTEL-CARRERA-INFANTIL-SAN-PEDRO-2023-1076x1536.jpg 1076w, https:\/\/clubdeportivolazubia.com\/wp-content\/uploads\/2023\/06\/CARTEL-CARRERA-INFANTIL-SAN-PEDRO-2023-1434x2048.jpg 1434w\" sizes=\"(max-width: 614px) 100vw, 614px\" \/><\/p>\n<p>&nbsp;<\/p>\n<hr>\n","protected":false},"excerpt":{"rendered":"<p>El pr\u00f3ximo domingo 2 de julio tendr\u00e1 lugar la Carrera Popular Infantil de San Pedro, La Zubia.<\/p>\n","protected":false},"author":1,"featured_media":5906,"comment_status":"open","ping_status":"open","sticky":false,"template":"","format":"image","meta":{"footnotes":""},"categories":[1],"tags":[],"_links":{"self":[{"href":"https:\/\/clubdeportivolazubia.com\/index.php?rest_route=\/wp\/v2\/posts\/5885"}],"collection":[{"href":"https:\/\/clubdeportivolazubia.com\/index.php?rest_route=\/wp\/v2\/posts"}],"about":[{"href":"https:\/\/clubdeportivolazubia.com\/index.php?rest_route=\/wp\/v2\/types\/post"}],"author":[{"embeddable":true,"href":"https:\/\/clubdeportivolazubia.com\/index.php?rest_route=\/wp\/v2\/users\/1"}],"replies":[{"embeddable":true,"href":"https:\/\/clubdeportivolazubia.com\/index.php?rest_route=%2Fwp%2Fv2%2Fcomments&post=5885"}],"version-history":[{"count":11,"href":"https:\/\/clubdeportivolazubia.com\/index.php?rest_route=\/wp\/v2\/posts\/5885\/revisions"}],"predecessor-version":[{"id":5912,"href":"https:\/\/clubdeportivolazubia.com\/index.php?rest_route=\/wp\/v2\/posts\/5885\/revisions\/5912"}],"wp:featuredmedia":[{"embeddable":true,"href":"https:\/\/clubdeportivolazubia.com\/index.php?rest_route=\/wp\/v2\/media\/5906"}],"wp:attachment":[{"href":"https:\/\/clubdeportivolazubia.com\/index.php?rest_route=%2Fwp%2Fv2%2Fmedia&parent=5885"}],"wp:term":[{"taxonomy":"category","embeddable":true,"href":"https:\/\/clubdeportivolazubia.com\/index.php?rest_route=%2Fwp%2Fv2%2Fcategories&post=5885"},{"taxonomy":"post_tag","embeddable":true,"href":"https:\/\/clubdeportivolazubia.com\/index.php?rest_route=%2Fwp%2Fv2%2Ftags&post=5885"}],"curies":[{"name":"wp","href":"https:\/\/api.w.org\/{rel}","templated":true}]}}