
{"id":5765,"date":"2023-05-08T10:52:25","date_gmt":"2023-05-08T10:52:25","guid":{"rendered":"https:\/\/clubdeportivolazubia.com\/?p=5765"},"modified":"2023-05-08T10:52:25","modified_gmt":"2023-05-08T10:52:25","slug":"media-maraton-ciudad-de-granada-3","status":"publish","type":"post","link":"https:\/\/clubdeportivolazubia.com\/?p=5765","title":{"rendered":"MEDIA MARAT\u00d3N CIUDAD DE GRANADA"},"content":{"rendered":"<h3>Atletas del Club Deportivo la Zubia tambi\u00e9n estuvieron presentes en la Media Marat\u00f3n Ciudad de Granada.<\/h3>\n<p><!--more--><\/p>\n<p>Los\/as atletas del Club Deportivo La Zubia participaron en la Media Marat\u00f3n de Granada que tuvo lugar el pasado s\u00e1bado 6 de mayo.<\/p>\n<p>En la distancia de 21 km el resultado de nuestros atletas fueron:<\/p>\n<p>&#8211; Manuel Orellana Ruiz, 250\u00ba en categor\u00eda m\u00e1ster 50 con un tiempo neto de 2h08\u00b416&#8243;.<\/p>\n<p>&#8211; Marian Guti\u00e9rrez Moreno, 72\u00ba en categor\u00eda m\u00e1ster 45 con un tiempo neto de 2h16\u00b434&#8243;.<\/p>\n<p>Y en la de 1\/4 marat\u00f3n (una \u00fanica categor\u00eda):<\/p>\n<p>&#8211; Pilar Ruiz Mas, 118\u00ba&nbsp; con un tiempo neto de 1h04\u00b416&#8243;.<\/p>\n<p><a href=\"https:\/\/www.cruzandolameta.es\/clasificaciones\/v2\/39-totalenergy-media-maraton-ciudad-de-granada-2023---1822\/\">RESULTADOS Y FOTOS<\/a><\/p>\n<p><img decoding=\"async\" loading=\"lazy\" class=\"aligncenter  wp-image-5766\" src=\"https:\/\/clubdeportivolazubia.com\/wp-content\/uploads\/2023\/05\/IMG-20230507-WA0001.jpg\" alt=\"\" width=\"601\" height=\"1116\" srcset=\"https:\/\/clubdeportivolazubia.com\/wp-content\/uploads\/2023\/05\/IMG-20230507-WA0001.jpg 694w, https:\/\/clubdeportivolazubia.com\/wp-content\/uploads\/2023\/05\/IMG-20230507-WA0001-162x300.jpg 162w, https:\/\/clubdeportivolazubia.com\/wp-content\/uploads\/2023\/05\/IMG-20230507-WA0001-551x1024.jpg 551w\" sizes=\"(max-width: 601px) 100vw, 601px\" \/><\/p>\n<hr>\n<p>&nbsp;<\/p>\n","protected":false},"excerpt":{"rendered":"<p>Atletas del Club Deportivo la Zubia tambi\u00e9n estuvieron presentes en la Media Marat\u00f3n Ciudad de Granada.<\/p>\n","protected":false},"author":1,"featured_media":5766,"comment_status":"open","ping_status":"open","sticky":false,"template":"","format":"image","meta":{"footnotes":""},"categories":[1],"tags":[],"_links":{"self":[{"href":"https:\/\/clubdeportivolazubia.com\/index.php?rest_route=\/wp\/v2\/posts\/5765"}],"collection":[{"href":"https:\/\/clubdeportivolazubia.com\/index.php?rest_route=\/wp\/v2\/posts"}],"about":[{"href":"https:\/\/clubdeportivolazubia.com\/index.php?rest_route=\/wp\/v2\/types\/post"}],"author":[{"embeddable":true,"href":"https:\/\/clubdeportivolazubia.com\/index.php?rest_route=\/wp\/v2\/users\/1"}],"replies":[{"embeddable":true,"href":"https:\/\/clubdeportivolazubia.com\/index.php?rest_route=%2Fwp%2Fv2%2Fcomments&post=5765"}],"version-history":[{"count":1,"href":"https:\/\/clubdeportivolazubia.com\/index.php?rest_route=\/wp\/v2\/posts\/5765\/revisions"}],"predecessor-version":[{"id":5767,"href":"https:\/\/clubdeportivolazubia.com\/index.php?rest_route=\/wp\/v2\/posts\/5765\/revisions\/5767"}],"wp:featuredmedia":[{"embeddable":true,"href":"https:\/\/clubdeportivolazubia.com\/index.php?rest_route=\/wp\/v2\/media\/5766"}],"wp:attachment":[{"href":"https:\/\/clubdeportivolazubia.com\/index.php?rest_route=%2Fwp%2Fv2%2Fmedia&parent=5765"}],"wp:term":[{"taxonomy":"category","embeddable":true,"href":"https:\/\/clubdeportivolazubia.com\/index.php?rest_route=%2Fwp%2Fv2%2Fcategories&post=5765"},{"taxonomy":"post_tag","embeddable":true,"href":"https:\/\/clubdeportivolazubia.com\/index.php?rest_route=%2Fwp%2Fv2%2Ftags&post=5765"}],"curies":[{"name":"wp","href":"https:\/\/api.w.org\/{rel}","templated":true}]}}