
{"id":5733,"date":"2023-03-29T21:29:35","date_gmt":"2023-03-29T21:29:35","guid":{"rendered":"https:\/\/clubdeportivolazubia.com\/?p=5733"},"modified":"2023-03-29T21:29:35","modified_gmt":"2023-03-29T21:29:35","slug":"carrera-azul-por-el-autismo-santa-fe-granada","status":"publish","type":"post","link":"https:\/\/clubdeportivolazubia.com\/?p=5733","title":{"rendered":"CARRERA AZUL POR EL AUTISMO, SANTA FE (GRANADA)"},"content":{"rendered":"<h3>Magn\u00edficos los resultados conseguidos por los\/as atletas del Club Deportivo La Zubia en la Carrera Azul por el Autismo de Santa Fe.<\/h3>\n<p><!--more--><\/p>\n<p>El pasado domingo 26 de marzo tuvo lugar en el municipio de Santa Fe (Granada) una nueva edici\u00f3n de la Carrera Azul por el Autismo donde participaron los\/as atletas del Club Deportivo La Zubia consiguiendo unos magn\u00edficos resultados.<\/p>\n<p><img decoding=\"async\" loading=\"lazy\" class=\"aligncenter  wp-image-5734\" src=\"https:\/\/clubdeportivolazubia.com\/wp-content\/uploads\/2023\/03\/IMG_20230326_121620102.jpg\" alt=\"\" width=\"711\" height=\"533\" srcset=\"https:\/\/clubdeportivolazubia.com\/wp-content\/uploads\/2023\/03\/IMG_20230326_121620102.jpg 2000w, https:\/\/clubdeportivolazubia.com\/wp-content\/uploads\/2023\/03\/IMG_20230326_121620102-300x225.jpg 300w, https:\/\/clubdeportivolazubia.com\/wp-content\/uploads\/2023\/03\/IMG_20230326_121620102-1024x768.jpg 1024w, https:\/\/clubdeportivolazubia.com\/wp-content\/uploads\/2023\/03\/IMG_20230326_121620102-768x576.jpg 768w, https:\/\/clubdeportivolazubia.com\/wp-content\/uploads\/2023\/03\/IMG_20230326_121620102-1536x1152.jpg 1536w\" sizes=\"(max-width: 711px) 100vw, 711px\" \/><\/p>\n<p><a href=\"https:\/\/www.cruzandolameta.es\/clasificaciones\/v2\/viii-carrera-azul-por-el-autismo-tus-pasos-nos-impulsan---1751\/#clasificaciones\">RESULTADOS COMPLETOS<\/a><\/p>\n<p><a href=\"https:\/\/www.youtube.com\/watch?v=y90aTJjO3D8\">VIDEO<\/a><\/p>\n<p>Los resultados conseguidos por nuestros\/as atletas fueron los siguientes:<\/p>\n<p>Francisco Martos Roa, 3\u00ba absoluto masculino (2\u00ba senior).<\/p>\n<p>Alicia S\u00e1nchez Esp\u00ednola, 3\u00aa absoluta femenina (1\u00aa juvenil).<\/p>\n<p>Berta Gonz\u00e1lez P\u00e9rez, 1\u00aa cadete femenino.<\/p>\n<p>Lucia S\u00e1nchez C\u00e1rdenas, 2\u00aa juvenil femenino.<\/p>\n<p>Lucas Mart\u00ednez Stehning, 3\u00ba juvenil masculino.<\/p>\n<p>Mirian S\u00e1nchez Esp\u00ednola , 3\u00aa juvenil femenino.<\/p>\n<p>Mar\u00eda Caravias P\u00e9rez, 4\u00aa veterana femenino.<\/p>\n<p>Andr\u00e9s Roldan Montilla, 5\u00ba senior masculino.<\/p>\n<p>Katia Stehning, 5\u00aa veterana femenino.<\/p>\n<p>Mariam Guti\u00e9rrez Moreno, 21\u00aa veterana femenino.<\/p>\n<p>M\u00aa Carmen Barrales Laborias, 45\u00aa veterana femenino.<\/p>\n<p>Estefan\u00eda Rodr\u00edguez Garc\u00eda, 22\u00aa senior femenino.<\/p>\n<p>Pilar Ruiz Mas, 61\u00aa veterana femenino.<\/p>\n<p>Elena Mart\u00ednez Cervera, 68\u00aa veterana femenino.<\/p>\n<p><strong>NI\u00d1OS Y NI\u00d1AS<\/strong><\/p>\n<p>Roberto Martos Mart\u00edn (Pitufo)<\/p>\n<p>Alodia Gonz\u00e1lez Mart\u00ednez (Pitufo)<\/p>\n<p>Leo Musso Cortes (3\u00baPre-Benjam\u00edn)<\/p>\n<p>Adriana Gonz\u00e1lez Mart\u00ednez (Pre-Benjam\u00edn)<\/p>\n<p>David Musso Cortes (Benjam\u00edn)<\/p>\n<p>Claudia Vega Vilar (2\u00aa Benjamin)<\/p>\n<p>Angela Gonz\u00e1lez Mart\u00ednez (Benjam\u00edn)<\/p>\n<p>Noelia Falcon Poyatos (alev\u00edn).<\/p>\n<p>Paula Jim\u00e9nez Santana (alev\u00edn).<\/p>\n<p>&nbsp;<\/p>\n<hr>\n<p>&nbsp;<\/p>\n","protected":false},"excerpt":{"rendered":"<p>Magn\u00edficos los resultados conseguidos por los\/as atletas del Club Deportivo La Zubia en la Carrera Azul por el Autismo de Santa Fe.<\/p>\n","protected":false},"author":1,"featured_media":5734,"comment_status":"open","ping_status":"open","sticky":false,"template":"","format":"image","meta":{"footnotes":""},"categories":[1],"tags":[],"_links":{"self":[{"href":"https:\/\/clubdeportivolazubia.com\/index.php?rest_route=\/wp\/v2\/posts\/5733"}],"collection":[{"href":"https:\/\/clubdeportivolazubia.com\/index.php?rest_route=\/wp\/v2\/posts"}],"about":[{"href":"https:\/\/clubdeportivolazubia.com\/index.php?rest_route=\/wp\/v2\/types\/post"}],"author":[{"embeddable":true,"href":"https:\/\/clubdeportivolazubia.com\/index.php?rest_route=\/wp\/v2\/users\/1"}],"replies":[{"embeddable":true,"href":"https:\/\/clubdeportivolazubia.com\/index.php?rest_route=%2Fwp%2Fv2%2Fcomments&post=5733"}],"version-history":[{"count":1,"href":"https:\/\/clubdeportivolazubia.com\/index.php?rest_route=\/wp\/v2\/posts\/5733\/revisions"}],"predecessor-version":[{"id":5735,"href":"https:\/\/clubdeportivolazubia.com\/index.php?rest_route=\/wp\/v2\/posts\/5733\/revisions\/5735"}],"wp:featuredmedia":[{"embeddable":true,"href":"https:\/\/clubdeportivolazubia.com\/index.php?rest_route=\/wp\/v2\/media\/5734"}],"wp:attachment":[{"href":"https:\/\/clubdeportivolazubia.com\/index.php?rest_route=%2Fwp%2Fv2%2Fmedia&parent=5733"}],"wp:term":[{"taxonomy":"category","embeddable":true,"href":"https:\/\/clubdeportivolazubia.com\/index.php?rest_route=%2Fwp%2Fv2%2Fcategories&post=5733"},{"taxonomy":"post_tag","embeddable":true,"href":"https:\/\/clubdeportivolazubia.com\/index.php?rest_route=%2Fwp%2Fv2%2Ftags&post=5733"}],"curies":[{"name":"wp","href":"https:\/\/api.w.org\/{rel}","templated":true}]}}