
{"id":5728,"date":"2023-03-22T09:18:51","date_gmt":"2023-03-22T09:18:51","guid":{"rendered":"https:\/\/clubdeportivolazubia.com\/?p=5728"},"modified":"2023-03-31T09:19:26","modified_gmt":"2023-03-31T09:19:26","slug":"media-maraton-ciudad-de-baza-3","status":"publish","type":"post","link":"https:\/\/clubdeportivolazubia.com\/?p=5728","title":{"rendered":"MEDIA MARAT\u00d3N \u00abCIUDAD DE BAZA\u00bb"},"content":{"rendered":"<h3>Los atletas del Club Deportivo La Zubia participan en la Prueba de Fondo Media Marat\u00f3n \u201cCiudad de Baza\u201d.<\/h3>\n<p><!--more--><\/p>\n<p>Los atletas del Club Deportivo La Zubia participaron en la Prueba de Fondo Media Marat\u00f3n \u201cCiudad de Baza\u201d celebrada el domingo d\u00eda 26 de marzo.&nbsp;<span id=\"more-3386\"><\/span><span id=\"more-3313\"><\/span><\/p>\n<p>En esta ocasi\u00f3n los atletas pudieron elegir, participando en la carrera de 21km o 10km.<\/p>\n<p data-offset-key=\"6jlfl-0-0\">En la media marat\u00f3n particip\u00f3 Jos\u00e9 Manuel Belmonte Barrales quedando 3\u00ba Master C.<\/p>\n<p data-offset-key=\"6jlfl-0-0\">Y en la de 10km, donde solo hab\u00eda una \u00fanica categor\u00eda absoluta:<\/p>\n<p data-offset-key=\"6jlfl-0-0\">\u2013 Juan Rodr\u00edguez M\u00e1rquez 10\u00ba.<\/p>\n<p data-offset-key=\"6jlfl-0-0\">\u2013 Mois\u00e9s I\u00e1\u00f1ez D\u00edez 84<span data-offset-key=\"6jlfl-0-0\">\u00b0.<\/span><\/p>\n<p data-offset-key=\"6jlfl-0-0\">\u2013 Fatima Teresa Di\u00e9guez Romero <span data-offset-key=\"6jlfl-0-0\">41\u00aa.<\/span><\/p>\n<p class=\"_1mf _1mj\" data-offset-key=\"6jlfl-0-0\"><span data-offset-key=\"6jlfl-0-0\">\u2013 Carlos Manuel Di\u00e9guez Baena 146\u00b0.<\/span><\/p>\n<p data-offset-key=\"6jlfl-0-0\"><a href=\"https:\/\/www.cruzandolameta.es\/clasificaciones\/v2\/xlvi-media-maraton-ciudad-de-baza---1755\/\">RESULTADOS Y FOTOS<\/a><\/p>\n<p data-offset-key=\"6jlfl-0-0\"><img decoding=\"async\" loading=\"lazy\" class=\"aligncenter size-full wp-image-5745\" src=\"https:\/\/clubdeportivolazubia.com\/wp-content\/uploads\/2023\/03\/QJDDH.jpg\" alt=\"\" width=\"702\" height=\"702\" srcset=\"https:\/\/clubdeportivolazubia.com\/wp-content\/uploads\/2023\/03\/QJDDH.jpg 702w, https:\/\/clubdeportivolazubia.com\/wp-content\/uploads\/2023\/03\/QJDDH-300x300.jpg 300w, https:\/\/clubdeportivolazubia.com\/wp-content\/uploads\/2023\/03\/QJDDH-150x150.jpg 150w, https:\/\/clubdeportivolazubia.com\/wp-content\/uploads\/2023\/03\/QJDDH-70x70.jpg 70w\" sizes=\"(max-width: 702px) 100vw, 702px\" \/><\/p>\n<hr>\n<p data-offset-key=\"6jlfl-0-0\">&nbsp;<\/p>\n","protected":false},"excerpt":{"rendered":"<p>Los atletas del Club Deportivo La Zubia participan en la Prueba de Fondo Media Marat\u00f3n \u201cCiudad de Baza\u201d.<\/p>\n","protected":false},"author":1,"featured_media":5745,"comment_status":"open","ping_status":"open","sticky":false,"template":"","format":"image","meta":{"footnotes":""},"categories":[1],"tags":[],"_links":{"self":[{"href":"https:\/\/clubdeportivolazubia.com\/index.php?rest_route=\/wp\/v2\/posts\/5728"}],"collection":[{"href":"https:\/\/clubdeportivolazubia.com\/index.php?rest_route=\/wp\/v2\/posts"}],"about":[{"href":"https:\/\/clubdeportivolazubia.com\/index.php?rest_route=\/wp\/v2\/types\/post"}],"author":[{"embeddable":true,"href":"https:\/\/clubdeportivolazubia.com\/index.php?rest_route=\/wp\/v2\/users\/1"}],"replies":[{"embeddable":true,"href":"https:\/\/clubdeportivolazubia.com\/index.php?rest_route=%2Fwp%2Fv2%2Fcomments&post=5728"}],"version-history":[{"count":2,"href":"https:\/\/clubdeportivolazubia.com\/index.php?rest_route=\/wp\/v2\/posts\/5728\/revisions"}],"predecessor-version":[{"id":5746,"href":"https:\/\/clubdeportivolazubia.com\/index.php?rest_route=\/wp\/v2\/posts\/5728\/revisions\/5746"}],"wp:featuredmedia":[{"embeddable":true,"href":"https:\/\/clubdeportivolazubia.com\/index.php?rest_route=\/wp\/v2\/media\/5745"}],"wp:attachment":[{"href":"https:\/\/clubdeportivolazubia.com\/index.php?rest_route=%2Fwp%2Fv2%2Fmedia&parent=5728"}],"wp:term":[{"taxonomy":"category","embeddable":true,"href":"https:\/\/clubdeportivolazubia.com\/index.php?rest_route=%2Fwp%2Fv2%2Fcategories&post=5728"},{"taxonomy":"post_tag","embeddable":true,"href":"https:\/\/clubdeportivolazubia.com\/index.php?rest_route=%2Fwp%2Fv2%2Ftags&post=5728"}],"curies":[{"name":"wp","href":"https:\/\/api.w.org\/{rel}","templated":true}]}}