
{"id":5508,"date":"2022-10-02T20:08:00","date_gmt":"2022-10-02T20:08:00","guid":{"rendered":"https:\/\/clubdeportivolazubia.com\/?p=5508"},"modified":"2022-10-03T20:28:23","modified_gmt":"2022-10-03T20:28:23","slug":"vii-carrera-urbana-la-espartera-5k-guadix","status":"publish","type":"post","link":"https:\/\/clubdeportivolazubia.com\/?p=5508","title":{"rendered":"VII Carrera Urbana La Espartera 5k, Guadix"},"content":{"rendered":"<ol>\n<li><strong>Gran actuaci\u00f3n de los\/as atletas del Club Deportivo La Zubia en la carrera urbana La Espartera de Guadix.<\/strong><\/li>\n<\/ol>\n<p><!--more--><\/p>\n<p>Los\/as atletas del Club Deportivo La Zubia participan en la VII edici\u00f3n de la carrera urbana La Espartera 5k celebrada este domingo 2 de octubre en Guadix consiguiendo unos magn\u00edficos resultados.<\/p>\n<p><img decoding=\"async\" loading=\"lazy\" class=\"aligncenter size-full wp-image-5521\" src=\"https:\/\/clubdeportivolazubia.com\/wp-content\/uploads\/2022\/10\/IMG_20221002_132912-scaled.jpg\" alt=\"\" width=\"2560\" height=\"1920\" srcset=\"https:\/\/clubdeportivolazubia.com\/wp-content\/uploads\/2022\/10\/IMG_20221002_132912-scaled.jpg 2560w, https:\/\/clubdeportivolazubia.com\/wp-content\/uploads\/2022\/10\/IMG_20221002_132912-300x225.jpg 300w, https:\/\/clubdeportivolazubia.com\/wp-content\/uploads\/2022\/10\/IMG_20221002_132912-1024x768.jpg 1024w, https:\/\/clubdeportivolazubia.com\/wp-content\/uploads\/2022\/10\/IMG_20221002_132912-768x576.jpg 768w, https:\/\/clubdeportivolazubia.com\/wp-content\/uploads\/2022\/10\/IMG_20221002_132912-1536x1152.jpg 1536w, https:\/\/clubdeportivolazubia.com\/wp-content\/uploads\/2022\/10\/IMG_20221002_132912-2048x1536.jpg 2048w\" sizes=\"(max-width: 2560px) 100vw, 2560px\" \/><\/p>\n<p>&nbsp;<\/p>\n<p>Los resultados de los\/as atletas del Club Deportivo La Zubia han sido los siguientes&nbsp;<\/p>\n<p><strong>Categor\u00eda Sub-16 femenina<\/strong><\/p>\n<p>1\u00aa Alicia S\u00e1nchez Esp\u00ednola.<\/p>\n<p>2\u00aa Miriam S\u00e1nchez Esp\u00ednola.<\/p>\n<p>3\u00aa Berta S\u00e1nchez Gonz\u00e1lez.<\/p>\n<p>4\u00aa Luc\u00eda S\u00e1nchez C\u00e1rdenas.<\/p>\n<p><strong>Categor\u00eda absoluta femenina<\/strong><\/p>\n<p>3\u00aa Bea R\u00edos Morillas.<\/p>\n<p><strong>Categor\u00eda absoluta masculina<\/strong><\/p>\n<p>3\u00b0 Andr\u00e9s Rold\u00e1n Montilla.<\/p>\n<p>&nbsp;<\/p>\n<p>&nbsp;<\/p>\n<hr>\n<p>&nbsp;<\/p>\n","protected":false},"excerpt":{"rendered":"<p>Gran actuaci\u00f3n de los\/as atletas del Club Deportivo La Zubia en la carrera urbana La Espartera de Guadix.<\/p>\n","protected":false},"author":1,"featured_media":5521,"comment_status":"open","ping_status":"open","sticky":false,"template":"","format":"image","meta":{"footnotes":""},"categories":[1],"tags":[],"_links":{"self":[{"href":"https:\/\/clubdeportivolazubia.com\/index.php?rest_route=\/wp\/v2\/posts\/5508"}],"collection":[{"href":"https:\/\/clubdeportivolazubia.com\/index.php?rest_route=\/wp\/v2\/posts"}],"about":[{"href":"https:\/\/clubdeportivolazubia.com\/index.php?rest_route=\/wp\/v2\/types\/post"}],"author":[{"embeddable":true,"href":"https:\/\/clubdeportivolazubia.com\/index.php?rest_route=\/wp\/v2\/users\/1"}],"replies":[{"embeddable":true,"href":"https:\/\/clubdeportivolazubia.com\/index.php?rest_route=%2Fwp%2Fv2%2Fcomments&post=5508"}],"version-history":[{"count":9,"href":"https:\/\/clubdeportivolazubia.com\/index.php?rest_route=\/wp\/v2\/posts\/5508\/revisions"}],"predecessor-version":[{"id":5522,"href":"https:\/\/clubdeportivolazubia.com\/index.php?rest_route=\/wp\/v2\/posts\/5508\/revisions\/5522"}],"wp:featuredmedia":[{"embeddable":true,"href":"https:\/\/clubdeportivolazubia.com\/index.php?rest_route=\/wp\/v2\/media\/5521"}],"wp:attachment":[{"href":"https:\/\/clubdeportivolazubia.com\/index.php?rest_route=%2Fwp%2Fv2%2Fmedia&parent=5508"}],"wp:term":[{"taxonomy":"category","embeddable":true,"href":"https:\/\/clubdeportivolazubia.com\/index.php?rest_route=%2Fwp%2Fv2%2Fcategories&post=5508"},{"taxonomy":"post_tag","embeddable":true,"href":"https:\/\/clubdeportivolazubia.com\/index.php?rest_route=%2Fwp%2Fv2%2Ftags&post=5508"}],"curies":[{"name":"wp","href":"https:\/\/api.w.org\/{rel}","templated":true}]}}