
{"id":5216,"date":"2021-11-24T10:10:34","date_gmt":"2021-11-24T10:10:34","guid":{"rendered":"http:\/\/clubdeportivolazubia.com\/?p=5216"},"modified":"2021-11-24T10:10:34","modified_gmt":"2021-11-24T10:10:34","slug":"2a-prueba-del-circuito-provincial-de-cross-cuevas-del-campo","status":"publish","type":"post","link":"https:\/\/clubdeportivolazubia.com\/?p=5216","title":{"rendered":"2\u00aa Prueba del Circuito Provincial de Cross, Cuevas del Campo."},"content":{"rendered":"<h2 class=\"wp-block-image\">El Club Deportivo La Zubia participa en la 2\u00aa Prueba del Circuito Provincial de Campo a Trav\u00e9s celebrado en Cuevas del Campo.<\/h2>\n<p><!--more--><\/p>\n<p>El pasado s\u00e1bado 20 de noviembre se celebro en el municipio granadino de Cuevas del Campo la segunda prueba del Circuito Provincial de Campo a Trav\u00e9s de Granada, Diputaci\u00f3n -Fundaci\u00f3n Caja Rural.<\/p>\n<p>En esta segunda prueba a pesar de la lluvia el Club Deportivo La Zubia a vuelto estar representado por un importante numero de atletas, desde la categor\u00eda Sub-8 hasta la categor\u00eda M\u00e1ster.<\/p>\n<p>Asimismo queremos destacar que varios de nuestros\/as atletas han conseguido puestos de p\u00f3dium:<\/p>\n<p>Ana S\u00e1nchez Gonz\u00e1lez 1\u00aa en Sub\u00b420.<\/p>\n<p>Andr\u00e9s Roldan Montilla 1\u00ba en Sub\u00b423.<\/p>\n<p>Juli\u00e1n S\u00e1nchez Martin 3\u00ba en Sub\u00b423.<\/p>\n<p><a href=\"https:\/\/www.dipgra.es\/uploaddoc\/contenidos\/21781\/Resultados.pdf\">RESULTADOS COMPLETOS<\/a><\/p>\n<p><img decoding=\"async\" loading=\"lazy\" class=\"aligncenter size-full wp-image-5218\" src=\"https:\/\/clubdeportivolazubia.com\/wp-content\/uploads\/2021\/11\/IMG-20211120-WA0038fg.jpg\" alt=\"\" width=\"1536\" height=\"1041\" srcset=\"https:\/\/clubdeportivolazubia.com\/wp-content\/uploads\/2021\/11\/IMG-20211120-WA0038fg.jpg 1536w, https:\/\/clubdeportivolazubia.com\/wp-content\/uploads\/2021\/11\/IMG-20211120-WA0038fg-300x203.jpg 300w, https:\/\/clubdeportivolazubia.com\/wp-content\/uploads\/2021\/11\/IMG-20211120-WA0038fg-1024x694.jpg 1024w, https:\/\/clubdeportivolazubia.com\/wp-content\/uploads\/2021\/11\/IMG-20211120-WA0038fg-768x521.jpg 768w\" sizes=\"(max-width: 1536px) 100vw, 1536px\" \/><\/p>\n<p>&nbsp;<\/p>\n<hr>\n<p>&nbsp;<\/p>\n","protected":false},"excerpt":{"rendered":"<p>El Club Deportivo La Zubia participa en la 2\u00aa Prueba del Circuito Provincial de Campo a Trav\u00e9s celebrado en Cuevas del Campo.<\/p>\n","protected":false},"author":1,"featured_media":5218,"comment_status":"open","ping_status":"open","sticky":false,"template":"","format":"image","meta":{"footnotes":""},"categories":[1],"tags":[],"_links":{"self":[{"href":"https:\/\/clubdeportivolazubia.com\/index.php?rest_route=\/wp\/v2\/posts\/5216"}],"collection":[{"href":"https:\/\/clubdeportivolazubia.com\/index.php?rest_route=\/wp\/v2\/posts"}],"about":[{"href":"https:\/\/clubdeportivolazubia.com\/index.php?rest_route=\/wp\/v2\/types\/post"}],"author":[{"embeddable":true,"href":"https:\/\/clubdeportivolazubia.com\/index.php?rest_route=\/wp\/v2\/users\/1"}],"replies":[{"embeddable":true,"href":"https:\/\/clubdeportivolazubia.com\/index.php?rest_route=%2Fwp%2Fv2%2Fcomments&post=5216"}],"version-history":[{"count":1,"href":"https:\/\/clubdeportivolazubia.com\/index.php?rest_route=\/wp\/v2\/posts\/5216\/revisions"}],"predecessor-version":[{"id":5219,"href":"https:\/\/clubdeportivolazubia.com\/index.php?rest_route=\/wp\/v2\/posts\/5216\/revisions\/5219"}],"wp:featuredmedia":[{"embeddable":true,"href":"https:\/\/clubdeportivolazubia.com\/index.php?rest_route=\/wp\/v2\/media\/5218"}],"wp:attachment":[{"href":"https:\/\/clubdeportivolazubia.com\/index.php?rest_route=%2Fwp%2Fv2%2Fmedia&parent=5216"}],"wp:term":[{"taxonomy":"category","embeddable":true,"href":"https:\/\/clubdeportivolazubia.com\/index.php?rest_route=%2Fwp%2Fv2%2Fcategories&post=5216"},{"taxonomy":"post_tag","embeddable":true,"href":"https:\/\/clubdeportivolazubia.com\/index.php?rest_route=%2Fwp%2Fv2%2Ftags&post=5216"}],"curies":[{"name":"wp","href":"https:\/\/api.w.org\/{rel}","templated":true}]}}