
{"id":5126,"date":"2021-06-15T10:30:50","date_gmt":"2021-06-15T10:30:50","guid":{"rendered":"http:\/\/clubdeportivolazubia.com\/?p=5126"},"modified":"2021-06-15T10:31:53","modified_gmt":"2021-06-15T10:31:53","slug":"v-trail-de-zujar","status":"publish","type":"post","link":"https:\/\/clubdeportivolazubia.com\/?p=5126","title":{"rendered":"V Trail de Z\u00fajar"},"content":{"rendered":"<h3>Carlos Di\u00e9guez Baena y M\u00aa Carmen Puerto Moreno del Club Deportivo La Zubia participan en el Trail de Z\u00fajar.<\/h3>\n<p><!--more--><\/p>\n<p>El domingo 13 de junio las faldas del Jabalc\u00f3n, en Z\u00fajar, acogieron la V edici\u00f3n del Trail de Z\u00fajar, enmarcado en el Gran Premio Provincial de Carreras por Monta\u00f1a de la Diputaci\u00f3n de Granada.<\/p>\n<p>El Club Deportivo La Zubia ha estado representado por Carlos Di\u00e9guez Baena que ha quedado 10\u00ba en categor\u00eda de veteranos B con un tiempo de 3h17\u00b458. Y por M\u00aa Carmen Puerto Moreno que ha quedado 6\u00aa en categor\u00eda Senior con un tiempo de 4h28\u00b430\u2033.<\/p>\n<p><a href=\"http:\/\/www.global-tempo.com\/resultados\/G-Live\/g-live.html?f=..%2F21-06-13_cxm_zujar%2FCXM_ZUJAR_21.clax&amp;fbclid=IwAR34aylsbvj3Y67mBU1KxlW0gx78NYANWcXZFQRH-oIF1hhTt4DTXzvsBGk\">RESULTADOS<\/a><\/p>\n<p><img decoding=\"async\" loading=\"lazy\" class=\"aligncenter wp-image-5127\" src=\"https:\/\/clubdeportivolazubia.com\/wp-content\/uploads\/2021\/06\/199315768_1925939287560045_8686023840116116214_n.jpg\" alt=\"\" width=\"525\" height=\"680\" srcset=\"https:\/\/clubdeportivolazubia.com\/wp-content\/uploads\/2021\/06\/199315768_1925939287560045_8686023840116116214_n.jpg 910w, https:\/\/clubdeportivolazubia.com\/wp-content\/uploads\/2021\/06\/199315768_1925939287560045_8686023840116116214_n-232x300.jpg 232w, https:\/\/clubdeportivolazubia.com\/wp-content\/uploads\/2021\/06\/199315768_1925939287560045_8686023840116116214_n-790x1024.jpg 790w, https:\/\/clubdeportivolazubia.com\/wp-content\/uploads\/2021\/06\/199315768_1925939287560045_8686023840116116214_n-768x995.jpg 768w\" sizes=\"(max-width: 525px) 100vw, 525px\" \/><\/p>\n<hr>\n<p>&nbsp;<\/p>\n","protected":false},"excerpt":{"rendered":"<p>Carlos Di\u00e9guez Baena y M\u00aa Carmen Puerto Moreno del Club Deportivo La Zubia participan en el Trail de Z\u00fajar.<\/p>\n","protected":false},"author":1,"featured_media":5127,"comment_status":"open","ping_status":"open","sticky":false,"template":"","format":"image","meta":{"footnotes":""},"categories":[1],"tags":[],"_links":{"self":[{"href":"https:\/\/clubdeportivolazubia.com\/index.php?rest_route=\/wp\/v2\/posts\/5126"}],"collection":[{"href":"https:\/\/clubdeportivolazubia.com\/index.php?rest_route=\/wp\/v2\/posts"}],"about":[{"href":"https:\/\/clubdeportivolazubia.com\/index.php?rest_route=\/wp\/v2\/types\/post"}],"author":[{"embeddable":true,"href":"https:\/\/clubdeportivolazubia.com\/index.php?rest_route=\/wp\/v2\/users\/1"}],"replies":[{"embeddable":true,"href":"https:\/\/clubdeportivolazubia.com\/index.php?rest_route=%2Fwp%2Fv2%2Fcomments&post=5126"}],"version-history":[{"count":2,"href":"https:\/\/clubdeportivolazubia.com\/index.php?rest_route=\/wp\/v2\/posts\/5126\/revisions"}],"predecessor-version":[{"id":5129,"href":"https:\/\/clubdeportivolazubia.com\/index.php?rest_route=\/wp\/v2\/posts\/5126\/revisions\/5129"}],"wp:featuredmedia":[{"embeddable":true,"href":"https:\/\/clubdeportivolazubia.com\/index.php?rest_route=\/wp\/v2\/media\/5127"}],"wp:attachment":[{"href":"https:\/\/clubdeportivolazubia.com\/index.php?rest_route=%2Fwp%2Fv2%2Fmedia&parent=5126"}],"wp:term":[{"taxonomy":"category","embeddable":true,"href":"https:\/\/clubdeportivolazubia.com\/index.php?rest_route=%2Fwp%2Fv2%2Fcategories&post=5126"},{"taxonomy":"post_tag","embeddable":true,"href":"https:\/\/clubdeportivolazubia.com\/index.php?rest_route=%2Fwp%2Fv2%2Ftags&post=5126"}],"curies":[{"name":"wp","href":"https:\/\/api.w.org\/{rel}","templated":true}]}}