
{"id":5058,"date":"2021-05-09T10:55:18","date_gmt":"2021-05-09T10:55:18","guid":{"rendered":"http:\/\/clubdeportivolazubia.com\/?p=5058"},"modified":"2021-05-09T10:55:18","modified_gmt":"2021-05-09T10:55:18","slug":"viii-trail-sierra-de-huetor-santillan","status":"publish","type":"post","link":"https:\/\/clubdeportivolazubia.com\/?p=5058","title":{"rendered":"VIII Trail Sierra de Hu\u00e9tor Santill\u00e1n"},"content":{"rendered":"<h3>Carlos Di\u00e9guez Baena y M\u00aa Carmen Puerto Moreno del Club Deportivo La Zubia participan en el Trail Sierra de Hu\u00e9tor Santill\u00e1n .<\/h3>\n<p><!--more--><\/p>\n<p>Domingo 9 de mayo se ha celebrado VIII Trail Sierra de Hu\u00e9tor Santill\u00e1n, ha sido la segunda sede del Gran Premio Provincial de Carreras por Monta\u00f1a de Granada, organizado por la Delegaci\u00f3n de Deportes de la Diputaci\u00f3n de Granada, junto con los Ayuntamientos sede y la Delegaci\u00f3n Granadina de la Federaci\u00f3n Andaluza de Monta\u00f1ismo.<\/p>\n<p>El Club Deportivo La Zubia ha estado representado por Carlos Di\u00e9guez Baena que ha quedado 28\u00ba en categor\u00eda de veteranos B con un tiempo de 2h11\u00b443&#8243;. Y por M\u00aa Carmen Puerto Moreno que ha quedado 7\u00aa en categor\u00eda Senior con un tiempo de 2h26\u00b426&#8243;. Ambos han participado en la modalidad de Trail (21,1 Km).<\/p>\n<p>&nbsp;<\/p>\n<p><img decoding=\"async\" loading=\"lazy\" class=\"aligncenter  wp-image-5061\" src=\"https:\/\/clubdeportivolazubia.com\/wp-content\/uploads\/2021\/05\/183591056_1493569710996919_4418392314181991998_n.jpg\" alt=\"\" width=\"658\" height=\"494\" srcset=\"https:\/\/clubdeportivolazubia.com\/wp-content\/uploads\/2021\/05\/183591056_1493569710996919_4418392314181991998_n.jpg 1296w, https:\/\/clubdeportivolazubia.com\/wp-content\/uploads\/2021\/05\/183591056_1493569710996919_4418392314181991998_n-300x225.jpg 300w, https:\/\/clubdeportivolazubia.com\/wp-content\/uploads\/2021\/05\/183591056_1493569710996919_4418392314181991998_n-1024x768.jpg 1024w, https:\/\/clubdeportivolazubia.com\/wp-content\/uploads\/2021\/05\/183591056_1493569710996919_4418392314181991998_n-768x576.jpg 768w\" sizes=\"(max-width: 658px) 100vw, 658px\" \/><\/p>\n<p>&nbsp;<\/p>\n<hr>\n<p>&nbsp;<\/p>\n","protected":false},"excerpt":{"rendered":"<p>Carlos Di\u00e9guez Baena y M\u00aa Carmen Puerto Moreno del Club Deportivo La Zubia participan en el Trail Sierra de Hu\u00e9tor Santill\u00e1n .<\/p>\n","protected":false},"author":1,"featured_media":5061,"comment_status":"open","ping_status":"open","sticky":false,"template":"","format":"image","meta":{"footnotes":""},"categories":[1],"tags":[],"_links":{"self":[{"href":"https:\/\/clubdeportivolazubia.com\/index.php?rest_route=\/wp\/v2\/posts\/5058"}],"collection":[{"href":"https:\/\/clubdeportivolazubia.com\/index.php?rest_route=\/wp\/v2\/posts"}],"about":[{"href":"https:\/\/clubdeportivolazubia.com\/index.php?rest_route=\/wp\/v2\/types\/post"}],"author":[{"embeddable":true,"href":"https:\/\/clubdeportivolazubia.com\/index.php?rest_route=\/wp\/v2\/users\/1"}],"replies":[{"embeddable":true,"href":"https:\/\/clubdeportivolazubia.com\/index.php?rest_route=%2Fwp%2Fv2%2Fcomments&post=5058"}],"version-history":[{"count":3,"href":"https:\/\/clubdeportivolazubia.com\/index.php?rest_route=\/wp\/v2\/posts\/5058\/revisions"}],"predecessor-version":[{"id":5062,"href":"https:\/\/clubdeportivolazubia.com\/index.php?rest_route=\/wp\/v2\/posts\/5058\/revisions\/5062"}],"wp:featuredmedia":[{"embeddable":true,"href":"https:\/\/clubdeportivolazubia.com\/index.php?rest_route=\/wp\/v2\/media\/5061"}],"wp:attachment":[{"href":"https:\/\/clubdeportivolazubia.com\/index.php?rest_route=%2Fwp%2Fv2%2Fmedia&parent=5058"}],"wp:term":[{"taxonomy":"category","embeddable":true,"href":"https:\/\/clubdeportivolazubia.com\/index.php?rest_route=%2Fwp%2Fv2%2Fcategories&post=5058"},{"taxonomy":"post_tag","embeddable":true,"href":"https:\/\/clubdeportivolazubia.com\/index.php?rest_route=%2Fwp%2Fv2%2Ftags&post=5058"}],"curies":[{"name":"wp","href":"https:\/\/api.w.org\/{rel}","templated":true}]}}