
{"id":5035,"date":"2021-05-06T09:09:09","date_gmt":"2021-05-06T09:09:09","guid":{"rendered":"http:\/\/clubdeportivolazubia.com\/?p=5035"},"modified":"2021-05-25T09:32:41","modified_gmt":"2021-05-25T09:32:41","slug":"2a-ruta-de-senderismo-escolar-la-zubia","status":"publish","type":"post","link":"https:\/\/clubdeportivolazubia.com\/?p=5035","title":{"rendered":"2\u00aa Ruta de Senderismo Escolar La Zubia"},"content":{"rendered":"<h2>Ya estan abiertas las inscripciones para la 2\u00aa Ruta de Senderismo Escolar de La Zubia que ser\u00e1 el s\u00e1bado 22 de mayo de 2021.<span id=\"more-4231\"><\/span><\/h2>\n<p><!--more--><\/p>\n<p>El sabado 22 de mayo ser\u00e1 la fecha para la 2\u00aa Ruta de Senderismo Escolar de La Zubia organizada por el Club Deportivo La Zubia y que cuenta con la colaboracion de la Diputaci\u00f3n de Granada, Area de Deportes del Ayuntamiento de La Zubia y productos Marito\u00f1i.<\/p>\n<p>Con el objeto de dar a conocer los diferentes espacios naturales que ofrece la geograf\u00eda tan propicia que tenemos en nuestro municipio ya que estamos situados a las puertas del Parque Natural y Nacional de Sierra Nevada, se estan organizando estas rutas de senderismo dirigidas principalmente a la poblaci\u00f3n en edad escolar, donde a todos los\/as participantes se les da a conocer los caminos, cortijos, veredas&#8230; as\u00ed como los nombres populares de los lugares por donde pasa, todo ello con un respeto absoluto al medio, pero, por supuesto, disfrutando del sentimiento de libertad y expansi\u00f3n que estas actividades conllevan.<\/p>\n<p><strong>FECHA DE LA 2\u00aa RUTA:<\/strong> S\u00e1bado 22 de mayo 2021.<\/p>\n<p><strong>HORA DE SALIDA<\/strong>: 9:00 horas<\/p>\n<p><strong>LUGAR DE CONCENTRACION, SALIDA Y LLEGADA:<\/strong> Plaza situada junto al Supermercado Dani de La Zubia.<\/p>\n<p><strong>ITINERARIO:<\/strong> Ruta circular de senderismo con salida y llegada en la plaza situada junto al supermercado Dani de La Zubia y recorrido por el interior del Parque Natural de Sierra Nevada y donde entre otros lugares visitaremos la zona del \u00abBarranco de Huenes\u00bb.<\/p>\n<p>Se recomienda que cada participante lleve los siguientes elementos:<\/p>\n<ul>\n<li>Gorra.<\/li>\n<li>Protecci\u00f3n solar individual.<\/li>\n<li>Ropa ligera y calzado deportivo.<\/li>\n<li>Agua.<\/li>\n<li>Bocadillo.<\/li>\n<\/ul>\n<p>Seguir las instrucciones indicadas por los\/las monitores\/as en todo momento.<\/p>\n<p><strong>Las plazas son limitadas y ser\u00e1n por orden de inscripci\u00f3n.<\/strong><\/p>\n<p>La inscripciones son totalmente gratuitas y se podr\u00e1n realizar hasta el miercoles&nbsp; 18 de mayo a trav\u00e9s del siguiente formulario.<\/p>\n<p><a href=\"https:\/\/docs.google.com\/forms\/d\/1KaTivZmmJKRS40pQBZBshtRUS73m6ERJXW1TX4KnQO0\/edit?usp=sharing\">FORMULARIO DE INSCRIPCI\u00d3N<\/a><\/p>\n<p>Para m\u00e1s informaci\u00f3n en el Area de Deportes del Ayuntamiento de La Zubia (958 890 673) y en los tel\u00e9fonos: 637 453 442&nbsp; o&nbsp; 653 25 11 95.<\/p>\n<p><img decoding=\"async\" loading=\"lazy\" class=\"aligncenter wp-image-5046\" src=\"https:\/\/clubdeportivolazubia.com\/wp-content\/uploads\/2021\/05\/Cartel-2-marcha-de-senderismo-escolar-2021-scaled.jpg\" alt=\"\" width=\"461\" height=\"654\" srcset=\"https:\/\/clubdeportivolazubia.com\/wp-content\/uploads\/2021\/05\/Cartel-2-marcha-de-senderismo-escolar-2021-scaled.jpg 1805w, https:\/\/clubdeportivolazubia.com\/wp-content\/uploads\/2021\/05\/Cartel-2-marcha-de-senderismo-escolar-2021-212x300.jpg 212w, https:\/\/clubdeportivolazubia.com\/wp-content\/uploads\/2021\/05\/Cartel-2-marcha-de-senderismo-escolar-2021-722x1024.jpg 722w, https:\/\/clubdeportivolazubia.com\/wp-content\/uploads\/2021\/05\/Cartel-2-marcha-de-senderismo-escolar-2021-768x1089.jpg 768w, https:\/\/clubdeportivolazubia.com\/wp-content\/uploads\/2021\/05\/Cartel-2-marcha-de-senderismo-escolar-2021-1083x1536.jpg 1083w, https:\/\/clubdeportivolazubia.com\/wp-content\/uploads\/2021\/05\/Cartel-2-marcha-de-senderismo-escolar-2021-1444x2048.jpg 1444w\" sizes=\"(max-width: 461px) 100vw, 461px\" \/><\/p>\n<p><strong>Informaci\u00f3n sobre las medidas de prevenci\u00f3n COVID-19 a tener en cuenta por todos\/as los\/as participantes en la Ruta de Senderismo Escolar de La Zubia.<\/strong><\/p>\n<ul>\n<li>Con el fin de salvaguardar la seguridad de todas las personas participantes, se har\u00e1 una toma de temperatura previa al inicio de la actividad mediante un dispositivo de medici\u00f3n sin contacto.<\/li>\n<li>Se proceder\u00e1 a la aplicaci\u00f3n de gel hidro-alcoh\u00f3lico en las manos.<\/li>\n<li>Se recomienda que todas las personas participantes aporten su propio gel desinfectante para poder ser utilizado de forma personal en cualquier momento que as\u00ed lo estimen oportuno.<\/li>\n<li>No prestar ni intercambiar equipo (bastones, tel\u00e9fono m\u00f3vil, c\u00e1mara de fotos\u2026).<\/li>\n<li>No compartir comida o bebida.<\/li>\n<li>Cada participante deber\u00e1 llevar dos mascarillas.<\/li>\n<li>Durante la excursi\u00f3n se guardar\u00e1 una distancia de 2 metros, salvo convivientes o familiares que, en cualquier caso, ellos si guardar\u00e1n esas distancias con respecto a los dem\u00e1s.<\/li>\n<li>Si la distancia se acorta por debajo de los 2 metros en espacios abiertos, es tambi\u00e9n obligatorio el uso de la mascarilla.<\/li>\n<li>Por norma general, en aquellos puntos donde sea imposible mantener las distancias de seguridad, ser\u00e1 obligatorio el uso de las mascarillas.<\/li>\n<li>Es aconsejable cuando os cruc\u00e9is con corredores, ciclistas, otros senderistas o deportistas ponerse la mascarilla, ya que se reduce la distancia y se cruzan las estelas que son m\u00e1s largas debido a la velocidad.<\/li>\n<\/ul>\n<p><strong>NO ASISTIR A LA ACTIVIDAD EN NING\u00daNO DE LOS SIGUIENTES CASOS:<\/strong><br \/>\n<strong>Los s\u00edntomas m\u00e1s habituales<\/strong><br \/>\n\u2013&nbsp; Fiebre.<br \/>\n\u2013 Tos seca.<br \/>\n\u2013 Cansancio.<br \/>\n<strong>S\u00edntomas menos comunes:<\/strong><br \/>\n\u2013 Molestias y dolores.<br \/>\n\u2013 Dolor de garganta.<br \/>\n\u2013 Diarrea.<br \/>\n\u2013 Conjuntivitis.<br \/>\n\u2013 Dolor de cabeza.<br \/>\n\u2013 P\u00e9rdida del sentido del olfato o del gusto.<\/p>\n<p>&nbsp;<\/p>\n<hr>\n<p>&nbsp;<\/p>\n","protected":false},"excerpt":{"rendered":"<p>Ya estan abiertas las inscripciones para la 2\u00aa Ruta de Senderismo Escolar de La Zubia que ser\u00e1 el s\u00e1bado 22 de mayo de 2021.<\/p>\n","protected":false},"author":1,"featured_media":5046,"comment_status":"open","ping_status":"open","sticky":false,"template":"","format":"image","meta":{"footnotes":""},"categories":[1],"tags":[],"_links":{"self":[{"href":"https:\/\/clubdeportivolazubia.com\/index.php?rest_route=\/wp\/v2\/posts\/5035"}],"collection":[{"href":"https:\/\/clubdeportivolazubia.com\/index.php?rest_route=\/wp\/v2\/posts"}],"about":[{"href":"https:\/\/clubdeportivolazubia.com\/index.php?rest_route=\/wp\/v2\/types\/post"}],"author":[{"embeddable":true,"href":"https:\/\/clubdeportivolazubia.com\/index.php?rest_route=\/wp\/v2\/users\/1"}],"replies":[{"embeddable":true,"href":"https:\/\/clubdeportivolazubia.com\/index.php?rest_route=%2Fwp%2Fv2%2Fcomments&post=5035"}],"version-history":[{"count":15,"href":"https:\/\/clubdeportivolazubia.com\/index.php?rest_route=\/wp\/v2\/posts\/5035\/revisions"}],"predecessor-version":[{"id":5057,"href":"https:\/\/clubdeportivolazubia.com\/index.php?rest_route=\/wp\/v2\/posts\/5035\/revisions\/5057"}],"wp:featuredmedia":[{"embeddable":true,"href":"https:\/\/clubdeportivolazubia.com\/index.php?rest_route=\/wp\/v2\/media\/5046"}],"wp:attachment":[{"href":"https:\/\/clubdeportivolazubia.com\/index.php?rest_route=%2Fwp%2Fv2%2Fmedia&parent=5035"}],"wp:term":[{"taxonomy":"category","embeddable":true,"href":"https:\/\/clubdeportivolazubia.com\/index.php?rest_route=%2Fwp%2Fv2%2Fcategories&post=5035"},{"taxonomy":"post_tag","embeddable":true,"href":"https:\/\/clubdeportivolazubia.com\/index.php?rest_route=%2Fwp%2Fv2%2Ftags&post=5035"}],"curies":[{"name":"wp","href":"https:\/\/api.w.org\/{rel}","templated":true}]}}