
{"id":4956,"date":"2021-03-19T10:00:43","date_gmt":"2021-03-19T10:00:43","guid":{"rendered":"http:\/\/clubdeportivolazubia.com\/?p=4956"},"modified":"2021-03-19T10:00:43","modified_gmt":"2021-03-19T10:00:43","slug":"campeonato-de-espana-de-campo-a-traves-para-personas-con-discapacidad-intelectual","status":"publish","type":"post","link":"https:\/\/clubdeportivolazubia.com\/?p=4956","title":{"rendered":"CAMPEONATO DE ESPA\u00d1A DE CAMPO A TRAVES PARA PERSONAS CON DISCAPACIDAD INTELECTUAL"},"content":{"rendered":"<h2>El atleta del Club Deportivo La Zubia Jes\u00fas S\u00e1nchez Aguila 13\u00ba clasificado en el Campeonato de Espa\u00f1a de Campo a Trav\u00e9s para Personas con Discapacidad Intelectual.<span id=\"more-4649\"><\/span><\/h2>\n<p><!--more--><\/p>\n<p>El Parque Forestal Dehesa Do\u00f1a Maria en Dos Hermanas (Sevilla) acogi\u00f3 el pasado s\u00e1bado 6 de marzo el Campeonato de Espa\u00f1a de Campo a Trav\u00e9s para Personas con Discapacidad Intelectual, FEDDI.<\/p>\n<p>Un total de 96 inscritos (71 hombres y 25 mujeres), pertenecientes a 21 clubes, llegados de 11 comunidades aut\u00f3nomas, se dieron cita en esta competici\u00f3n organizada por la Federaci\u00f3n Espa\u00f1ola de Deportes para Personas con Discapacidad Intelectual.<\/p>\n<p>El atleta del Club Deportivo La Zubia Jes\u00fas S\u00e1nchez Aguila particip\u00f3 en la categor\u00eda absoluta modalidad competici\u00f3n consiguiendo un magnifico 13\u00ba puesto.<\/p>\n<p><a href=\"http:\/\/www.feddi.org\/upload\/resultados\/RESULTADOS%20CTO%20ESPA%C3%91A%20CAMPO%20A%20TRAV%C3%89S%20FEDDI%202021.pdf\">RESULTADOS COMPLETOS<\/a><\/p>\n<p><img decoding=\"async\" loading=\"lazy\" class=\"SzDcob aligncenter\" src=\"https:\/\/lh3.googleusercontent.com\/pw\/ACtC-3cl5nhDmNO4iZwFweVyc4r-oQWvJOLIiUIiZ_zI_sjtqky1wccAkgWgRTfgJROUpwc8YdnFd2A5BPSxp2EbrvolnuDLLrDsjsMTPVSCaQOb5eIN4xnk_b-Gp29csZk5SxWpz26oBumFUZ3tLK70djLk=w618-h882-no?authuser=0\" aria-label=\"Foto: Vertical, 6 mar 2021 12:45:21\" data-atf=\"true\" data-iml=\"1772\" width=\"430\" height=\"614\"><\/p>\n<p><img decoding=\"async\" loading=\"lazy\" class=\"SzDcob aligncenter\" src=\"https:\/\/lh3.googleusercontent.com\/pw\/ACtC-3cdZQdt6XCl9s5liXiyI_p1jQ6yrb3dQOb6bjoc39c7fQx2XlRlATMfCLz9SKIV_nzvOPNrpWZirXcdlMZRP-HF-xxfH_5z0sMSIRJA9y8QR0Sl4wnt7eRVtGK8VXSZn4K-C7xw_GDKZRG1VGXFGwQQ=w1280-h854-no?authuser=0\" data-atf=\"false\" data-iml=\"46682\" aria-label=\"Foto: Horizontal, 6 mar 2021 12:41:56\" width=\"538\" height=\"359\"><\/p>\n<hr>\n<p>&nbsp;<\/p>\n","protected":false},"excerpt":{"rendered":"<p>El atleta del Club Deportivo La Zubia Jes\u00fas S\u00e1nchez Aguila 13\u00ba clasificado en el Campeonato de Espa\u00f1a de Campo a Trav\u00e9s para Personas con Discapacidad Intelectual.<\/p>\n","protected":false},"author":1,"featured_media":4959,"comment_status":"open","ping_status":"open","sticky":false,"template":"","format":"image","meta":{"footnotes":""},"categories":[1],"tags":[],"_links":{"self":[{"href":"https:\/\/clubdeportivolazubia.com\/index.php?rest_route=\/wp\/v2\/posts\/4956"}],"collection":[{"href":"https:\/\/clubdeportivolazubia.com\/index.php?rest_route=\/wp\/v2\/posts"}],"about":[{"href":"https:\/\/clubdeportivolazubia.com\/index.php?rest_route=\/wp\/v2\/types\/post"}],"author":[{"embeddable":true,"href":"https:\/\/clubdeportivolazubia.com\/index.php?rest_route=\/wp\/v2\/users\/1"}],"replies":[{"embeddable":true,"href":"https:\/\/clubdeportivolazubia.com\/index.php?rest_route=%2Fwp%2Fv2%2Fcomments&post=4956"}],"version-history":[{"count":3,"href":"https:\/\/clubdeportivolazubia.com\/index.php?rest_route=\/wp\/v2\/posts\/4956\/revisions"}],"predecessor-version":[{"id":4961,"href":"https:\/\/clubdeportivolazubia.com\/index.php?rest_route=\/wp\/v2\/posts\/4956\/revisions\/4961"}],"wp:featuredmedia":[{"embeddable":true,"href":"https:\/\/clubdeportivolazubia.com\/index.php?rest_route=\/wp\/v2\/media\/4959"}],"wp:attachment":[{"href":"https:\/\/clubdeportivolazubia.com\/index.php?rest_route=%2Fwp%2Fv2%2Fmedia&parent=4956"}],"wp:term":[{"taxonomy":"category","embeddable":true,"href":"https:\/\/clubdeportivolazubia.com\/index.php?rest_route=%2Fwp%2Fv2%2Fcategories&post=4956"},{"taxonomy":"post_tag","embeddable":true,"href":"https:\/\/clubdeportivolazubia.com\/index.php?rest_route=%2Fwp%2Fv2%2Ftags&post=4956"}],"curies":[{"name":"wp","href":"https:\/\/api.w.org\/{rel}","templated":true}]}}