
{"id":4897,"date":"2020-12-16T09:18:47","date_gmt":"2020-12-16T09:18:47","guid":{"rendered":"http:\/\/clubdeportivolazubia.com\/?p=4897"},"modified":"2020-12-16T11:33:53","modified_gmt":"2020-12-16T11:33:53","slug":"concentracion-de-medio-fondo-de-la-federacion-andaluza-malaga","status":"publish","type":"post","link":"https:\/\/clubdeportivolazubia.com\/?p=4897","title":{"rendered":"Concentraci\u00f3n de Medio Fondo de la federaci\u00f3n Andaluza (M\u00e1laga)"},"content":{"rendered":"<h3>La atleta Micaela Mart\u00ednez Stehning del Club Deportivo La Zubia participa en la Concentraci\u00f3n de Medio Fondo celebrada en M\u00e1laga.<\/h3>\n<p><!--more--><\/p>\n<p>El martes 8 de diciembre en Carranque (M\u00e1laga) tuvo lugar una concentraci\u00f3n de medio fondo que organizaba la Federaci\u00f3n Andaluza de Atletismo, donde se daban cita los mejores mediofondistas j\u00f3venes de Andaluc\u00eda. El Club Deportivo La Zubia estuvo presente con la atleta Micaela Mart\u00ednez Stehning, acompa\u00f1ada de su entrenador Antonio Molina.<\/p>\n<p><img decoding=\"async\" loading=\"lazy\" class=\"aligncenter wp-image-4898\" src=\"https:\/\/clubdeportivolazubia.com\/wp-content\/uploads\/2020\/12\/IMG-20201208-WA0014.jpg\" alt=\"\" width=\"386\" height=\"515\" srcset=\"https:\/\/clubdeportivolazubia.com\/wp-content\/uploads\/2020\/12\/IMG-20201208-WA0014.jpg 1200w, https:\/\/clubdeportivolazubia.com\/wp-content\/uploads\/2020\/12\/IMG-20201208-WA0014-225x300.jpg 225w, https:\/\/clubdeportivolazubia.com\/wp-content\/uploads\/2020\/12\/IMG-20201208-WA0014-768x1024.jpg 768w, https:\/\/clubdeportivolazubia.com\/wp-content\/uploads\/2020\/12\/IMG-20201208-WA0014-1152x1536.jpg 1152w\" sizes=\"(max-width: 386px) 100vw, 386px\" \/><\/p>\n<p><img decoding=\"async\" loading=\"lazy\" class=\"aligncenter wp-image-4899\" src=\"https:\/\/clubdeportivolazubia.com\/wp-content\/uploads\/2020\/12\/130567659_1726825310813747_8677402902326811534_n.jpg\" alt=\"\" width=\"614\" height=\"461\" srcset=\"https:\/\/clubdeportivolazubia.com\/wp-content\/uploads\/2020\/12\/130567659_1726825310813747_8677402902326811534_n.jpg 960w, https:\/\/clubdeportivolazubia.com\/wp-content\/uploads\/2020\/12\/130567659_1726825310813747_8677402902326811534_n-300x225.jpg 300w, https:\/\/clubdeportivolazubia.com\/wp-content\/uploads\/2020\/12\/130567659_1726825310813747_8677402902326811534_n-768x576.jpg 768w\" sizes=\"(max-width: 614px) 100vw, 614px\" \/><\/p>\n<p>&nbsp;<\/p>\n<hr>\n<p>&nbsp;<\/p>\n","protected":false},"excerpt":{"rendered":"<p>La atleta Micaela Mart\u00ednez Stehning del Club Deportivo La Zubia participa en la Concentraci\u00f3n de Medio Fondo celebrada en M\u00e1laga.<\/p>\n","protected":false},"author":1,"featured_media":4899,"comment_status":"open","ping_status":"open","sticky":false,"template":"","format":"image","meta":{"footnotes":""},"categories":[1],"tags":[],"_links":{"self":[{"href":"https:\/\/clubdeportivolazubia.com\/index.php?rest_route=\/wp\/v2\/posts\/4897"}],"collection":[{"href":"https:\/\/clubdeportivolazubia.com\/index.php?rest_route=\/wp\/v2\/posts"}],"about":[{"href":"https:\/\/clubdeportivolazubia.com\/index.php?rest_route=\/wp\/v2\/types\/post"}],"author":[{"embeddable":true,"href":"https:\/\/clubdeportivolazubia.com\/index.php?rest_route=\/wp\/v2\/users\/1"}],"replies":[{"embeddable":true,"href":"https:\/\/clubdeportivolazubia.com\/index.php?rest_route=%2Fwp%2Fv2%2Fcomments&post=4897"}],"version-history":[{"count":1,"href":"https:\/\/clubdeportivolazubia.com\/index.php?rest_route=\/wp\/v2\/posts\/4897\/revisions"}],"predecessor-version":[{"id":4900,"href":"https:\/\/clubdeportivolazubia.com\/index.php?rest_route=\/wp\/v2\/posts\/4897\/revisions\/4900"}],"wp:featuredmedia":[{"embeddable":true,"href":"https:\/\/clubdeportivolazubia.com\/index.php?rest_route=\/wp\/v2\/media\/4899"}],"wp:attachment":[{"href":"https:\/\/clubdeportivolazubia.com\/index.php?rest_route=%2Fwp%2Fv2%2Fmedia&parent=4897"}],"wp:term":[{"taxonomy":"category","embeddable":true,"href":"https:\/\/clubdeportivolazubia.com\/index.php?rest_route=%2Fwp%2Fv2%2Fcategories&post=4897"},{"taxonomy":"post_tag","embeddable":true,"href":"https:\/\/clubdeportivolazubia.com\/index.php?rest_route=%2Fwp%2Fv2%2Ftags&post=4897"}],"curies":[{"name":"wp","href":"https:\/\/api.w.org\/{rel}","templated":true}]}}