
{"id":4676,"date":"2020-02-24T11:57:56","date_gmt":"2020-02-24T11:57:56","guid":{"rendered":"http:\/\/clubdeportivolazubia.com\/?p=4676"},"modified":"2020-03-02T12:00:49","modified_gmt":"2020-03-02T12:00:49","slug":"clausura-del-circuito-provincial-de-campo-a-traves-de-granada-2","status":"publish","type":"post","link":"https:\/\/clubdeportivolazubia.com\/?p=4676","title":{"rendered":"Clausura del Circuito Provincial de Campo a Trav\u00e9s de Granada."},"content":{"rendered":"<h3>Gran \u00e9xito de los y las atletas del Club Deportivo La Zubia en el Circuito Provincial de Campo a Trav\u00e9s de la Diputaci\u00f3n de Granada.<\/h3>\n<p><!--more--><\/p>\n<p>El Circuito comenz\u00f3 en el 16 de noviembre del 2019 y se ha realizado en tres municipios repartidos por toda la provincia: Cuevas del Campo, Lecrin y La Zubia (con el Cross de Navidad).<\/p>\n<p>El Club Deportivo La Zubia ha sido uno de los clubes con mayor participaci\u00f3n en cada una de las pruebas del Circuito, pues han sido casi 60 los\/as atletas que han participado.<\/p>\n<p>A nivel de resultados ha sido todo un \u00e9xito, ya que 54 atletas del club han conseguido premios en la clasificaci\u00f3n final y de los cuales 15 se han clasificado entre los cinco primeros entre todas las categor\u00edas.<\/p>\n<p><span style=\"color: #ff0000;\">La entrega de premios finales se realizar\u00e1 el d\u00eda 13 de marzo a las 19:30 h. en el sal\u00f3n de actos del edificio de la CAJA RURAL, Avda, Don Bosco n\u00ba 2 (esquina ctra. de Armilla).<\/span><\/p>\n<p><strong><a href=\"https:\/\/clubdeportivolazubia.com\/wp-content\/uploads\/2020\/02\/CLASIFICACION-Cross-Diputacion.pdf\">RESULTADOS COMPLETOS<\/a><\/strong><\/p>\n<p>Resultados de nuestros atletas:<\/p>\n<p><strong>SUB\u00b48 FEMENINO&nbsp;&nbsp;&nbsp;&nbsp;&nbsp;&nbsp;&nbsp;&nbsp;&nbsp;&nbsp; <\/strong><\/p>\n<p>10\u00aa Ana M\u00aa S\u00e1nchez Alcalde.<\/p>\n<p>17\u00aa Carmen Fern\u00e1ndez Fern\u00e1ndez.<\/p>\n<p><strong>SUB\u00b48 MASCULINO&nbsp;&nbsp;&nbsp;&nbsp;&nbsp;&nbsp;&nbsp; <\/strong><\/p>\n<p>8\u00ba Omar Monteros Obelar.<\/p>\n<p>12\u00ba Carlos Ram\u00edrez Bautista.<\/p>\n<p><strong>SUB\u00b410 FEMENINO&nbsp;&nbsp;&nbsp;&nbsp;&nbsp;&nbsp;&nbsp;&nbsp; <\/strong><\/p>\n<p>9\u00aa Paula \u00c1guila Hurtado.<\/p>\n<p>16\u00aa Elisabet Rodr\u00edguez Baz\u00e1n.<\/p>\n<p>37\u00aa Lidia Montes Martin.<\/p>\n<p><strong>SUB\u00b410 MASCULINO&nbsp;&nbsp;&nbsp;&nbsp;&nbsp; <\/strong><\/p>\n<p>15\u00ba Sa\u00fal Mart\u00ednez Jim\u00e9nez.<\/p>\n<p>27\u00ba Pablo Solera Garc\u00eda.<\/p>\n<p>34\u00ba Omar Afia Ratibi.<\/p>\n<p>44\u00ba Leo Soler Montero.<\/p>\n<p><strong>SUB\u00b412 FEMENINO&nbsp;&nbsp;&nbsp;&nbsp;&nbsp;&nbsp;&nbsp;&nbsp; <\/strong><\/p>\n<p>10\u00aa Nayara Caba Gonz\u00e1lez.<\/p>\n<p>35\u00aa Irene Molina Antequera.<\/p>\n<p>37\u00aa Lucia Vel\u00e1zquez Maldonado.<\/p>\n<p><strong>SUB\u00b414 FEMENINO<\/strong>&nbsp;&nbsp;&nbsp;&nbsp;&nbsp;&nbsp;&nbsp;&nbsp;<\/p>\n<p>1\u00aa Alicia S\u00e1nchez Esp\u00ednola.<\/p>\n<p>10\u00aa Miriam S\u00e1nchez Esp\u00ednola.<\/p>\n<p>12\u00aa Marta Baena Tiscar.<\/p>\n<p>15\u00aa Mar\u00eda Casanova Pi\u00f1ar.<\/p>\n<p>21\u00aa Ariadna Rodr\u00edguez Baz\u00e1n.<\/p>\n<p>23\u00aa Carla S\u00e1nchez Recuero.<\/p>\n<p>34\u00aa Sof\u00eda Moya Gonz\u00e1lez.<\/p>\n<p>39\u00aa Julia \u00c1guila Hurtado.<\/p>\n<p><strong>SUB\u00b414 MASCULINO&nbsp;&nbsp;&nbsp;&nbsp;&nbsp; <\/strong><\/p>\n<p>9\u00ba Abdellah Afia Ratibi.<\/p>\n<p>18\u00ba Juan Manuel S\u00e1nchez Martin.<\/p>\n<p>20\u00ba Lucas Mart\u00ednez Stehning.<\/p>\n<p>24\u00ba Ignacio Vidal Federico.<\/p>\n<p>27\u00ba Gonzalo Serrano Urquiza.<\/p>\n<p>36\u00ba \u00c1ngel Jim\u00e9nez S\u00e1nchez.<\/p>\n<p><strong>SUB\u00b416 FEMENINO&nbsp;&nbsp;&nbsp;&nbsp;&nbsp;&nbsp;&nbsp;&nbsp; <\/strong><\/p>\n<p>4\u00aa Mar\u00eda Reyes Ariza.<\/p>\n<p>9\u00aa Eva \u00c1guila Hurtado.<\/p>\n<p>10\u00aa Laura Casalini V\u00e1zquez.<\/p>\n<p>17\u00aa Paula Ram\u00edrez Espigares.<\/p>\n<p>24\u00aa Alba Cejudo Serrano.<\/p>\n<p>25\u00aa Lucia Felipe Rufilanchas.<\/p>\n<p><strong>SUB\u00b416 MASCULINO&nbsp;&nbsp;&nbsp;&nbsp;&nbsp; <\/strong><\/p>\n<p>17\u00ba Antonio Manuel Ben\u00edtez Gallego.<\/p>\n<p>18\u00ba Teo S\u00e1nchez Rodr\u00edguez.<\/p>\n<p><strong>SUB\u00b418 FEMENINO&nbsp;&nbsp;&nbsp;&nbsp;&nbsp;&nbsp;&nbsp;&nbsp; <\/strong><\/p>\n<p>3\u00aa Micaela Mart\u00ednez Stehning.<\/p>\n<p>4\u00aa Ana S\u00e1nchez Gonz\u00e1lez.<\/p>\n<p>5\u00aa Anabel Peregrina Quesada.<\/p>\n<p>10\u00aa Carmen Baena Tiscar.<\/p>\n<p><strong>SUB\u00b418 MASCULINO&nbsp;&nbsp;&nbsp;&nbsp;&nbsp; <\/strong><\/p>\n<p>4\u00ba Ismael Loonsri Pizarro.<\/p>\n<p>5\u00ba Jos\u00e9 Daniel Mart\u00ednez Stehning.<\/p>\n<p>6\u00ba Antonio Hern\u00e1ndez Molina.<\/p>\n<p>9\u00ba Gerardo Fern\u00e1ndez Nogueras.<\/p>\n<p><strong>SUB\u00b420 FEMENINO&nbsp;&nbsp;&nbsp;&nbsp;&nbsp;&nbsp;&nbsp;&nbsp; <\/strong><\/p>\n<p>3\u00aa Amoroe P\u00e9rez Baz\u00e1n.<\/p>\n<p><strong>SUB\u00b420 MASCULINO&nbsp;&nbsp;&nbsp;&nbsp;&nbsp; <\/strong><\/p>\n<p>2\u00ba Andr\u00e9s Roldan Montilla.<\/p>\n<p><strong>DISCAPACITADOS COMPETICI\u00d3N&nbsp;&nbsp;&nbsp;&nbsp;&nbsp;&nbsp;&nbsp;&nbsp;&nbsp;&nbsp;&nbsp; <\/strong><\/p>\n<p>1\u00ba Jes\u00fas S\u00e1nchez \u00c1guila.<\/p>\n<p><strong>MASTER A FEMENINO&nbsp; <\/strong><\/p>\n<p>3\u00aa Mar\u00eda Caravias P\u00e9rez<\/p>\n<p><strong>MASTER A MASCULINO&nbsp;&nbsp;&nbsp;&nbsp;&nbsp;&nbsp;&nbsp;&nbsp;&nbsp;&nbsp;&nbsp;&nbsp;&nbsp;&nbsp; <\/strong><\/p>\n<p>13\u00ba F\u00ba Javier Rodr\u00edguez Ruiz.<\/p>\n<p><strong>MASTER B FEMENINO&nbsp;&nbsp; <\/strong><\/p>\n<p>1\u00aa Carmen Mingorance Garc\u00eda.<\/p>\n<p>4\u00aa Katja Stehning.<\/p>\n<p>5\u00aa Esther Gonz\u00e1lez Castell\u00f3n.<\/p>\n<p><strong>MASTER B MASCULINO&nbsp;&nbsp;&nbsp;&nbsp;&nbsp;&nbsp;&nbsp;&nbsp;&nbsp;&nbsp;&nbsp;&nbsp;&nbsp;&nbsp; <\/strong><\/p>\n<p>2\u00ba Enrique Molina Vargas.<\/p>\n<p>16\u00ba Antonio Ortega Muros.<\/p>\n<p>&nbsp;<\/p>\n<p>&nbsp;<\/p>\n<hr>\n","protected":false},"excerpt":{"rendered":"<p>Gran \u00e9xito de los y las atletas del Club Deportivo La Zubia en el Circuito Provincial de Campo a Trav\u00e9s de la Diputaci\u00f3n de Granada.<\/p>\n","protected":false},"author":1,"featured_media":0,"comment_status":"open","ping_status":"open","sticky":false,"template":"","format":"image","meta":{"footnotes":""},"categories":[1],"tags":[],"_links":{"self":[{"href":"https:\/\/clubdeportivolazubia.com\/index.php?rest_route=\/wp\/v2\/posts\/4676"}],"collection":[{"href":"https:\/\/clubdeportivolazubia.com\/index.php?rest_route=\/wp\/v2\/posts"}],"about":[{"href":"https:\/\/clubdeportivolazubia.com\/index.php?rest_route=\/wp\/v2\/types\/post"}],"author":[{"embeddable":true,"href":"https:\/\/clubdeportivolazubia.com\/index.php?rest_route=\/wp\/v2\/users\/1"}],"replies":[{"embeddable":true,"href":"https:\/\/clubdeportivolazubia.com\/index.php?rest_route=%2Fwp%2Fv2%2Fcomments&post=4676"}],"version-history":[{"count":9,"href":"https:\/\/clubdeportivolazubia.com\/index.php?rest_route=\/wp\/v2\/posts\/4676\/revisions"}],"predecessor-version":[{"id":4708,"href":"https:\/\/clubdeportivolazubia.com\/index.php?rest_route=\/wp\/v2\/posts\/4676\/revisions\/4708"}],"wp:attachment":[{"href":"https:\/\/clubdeportivolazubia.com\/index.php?rest_route=%2Fwp%2Fv2%2Fmedia&parent=4676"}],"wp:term":[{"taxonomy":"category","embeddable":true,"href":"https:\/\/clubdeportivolazubia.com\/index.php?rest_route=%2Fwp%2Fv2%2Fcategories&post=4676"},{"taxonomy":"post_tag","embeddable":true,"href":"https:\/\/clubdeportivolazubia.com\/index.php?rest_route=%2Fwp%2Fv2%2Ftags&post=4676"}],"curies":[{"name":"wp","href":"https:\/\/api.w.org\/{rel}","templated":true}]}}