
{"id":4657,"date":"2020-02-17T11:21:13","date_gmt":"2020-02-17T11:21:13","guid":{"rendered":"http:\/\/clubdeportivolazubia.com\/?p=4657"},"modified":"2020-02-17T11:21:13","modified_gmt":"2020-02-17T11:21:13","slug":"control-de-marcas-de-atletismo-sub16-en-pista-cubierta-antequera-2","status":"publish","type":"post","link":"https:\/\/clubdeportivolazubia.com\/?p=4657","title":{"rendered":"Control de marcas de Atletismo Sub\u00b416 en Pista Cubierta, Antequera"},"content":{"rendered":"<h3>Las atletas del Club Deportivo La Zubia participan en el control de marcas celebrado en el Centro de Tecnificaci\u00f3n Andaluz de Pista Cubierta de Antequera.<\/h3>\n<p><!--more--><\/p>\n<p>El s\u00e1bado 15 de febrero se realiz\u00f3 en el Centro de Tecnificaci\u00f3n Andaluz de Pista Cubierta de Antequera el II control de marcas de Atletismo para categor\u00eda de Sub\u00b416.<\/p>\n<p>En este control participaron dos atletas del Club Deportivo La Zubia.<\/p>\n<h4>60 m.l. femenino<\/h4>\n<p>Laura Casalini Vazquez, 8\u203392.<\/p>\n<p>Marta Baena Tiscar, 9\u203334.&nbsp;<\/p>\n<h4>300 m.l. femenino<\/h4>\n<p>Laura Casalini Vazquez, 50\u203377.<\/p>\n<h4>1.000 m.l. masculino<\/h4>\n<p>Marta Baena Tiscar, 3\u00b458\u203355.&nbsp;<\/p>\n<p><a href=\"https:\/\/clubdeportivolazubia.com\/wp-content\/uploads\/2020\/02\/CONTROL-SUB-16-15-02-20.pdf\">RESULTADOS<\/a><\/p>\n<p><img decoding=\"async\" loading=\"lazy\" class=\"aligncenter  wp-image-4659\" src=\"https:\/\/clubdeportivolazubia.com\/wp-content\/uploads\/2020\/02\/86727866_1242721645920977_2207069958385434624_n.jpg\" alt=\"\" width=\"650\" height=\"488\" srcset=\"https:\/\/clubdeportivolazubia.com\/wp-content\/uploads\/2020\/02\/86727866_1242721645920977_2207069958385434624_n.jpg 1024w, https:\/\/clubdeportivolazubia.com\/wp-content\/uploads\/2020\/02\/86727866_1242721645920977_2207069958385434624_n-300x225.jpg 300w, https:\/\/clubdeportivolazubia.com\/wp-content\/uploads\/2020\/02\/86727866_1242721645920977_2207069958385434624_n-768x576.jpg 768w\" sizes=\"(max-width: 650px) 100vw, 650px\" \/><\/p>\n<p>&nbsp;<\/p>\n<hr>\n<p>&nbsp;<\/p>\n","protected":false},"excerpt":{"rendered":"<p>Las atletas del Club Deportivo La Zubia participan en el control de marcas celebrado en el Centro de Tecnificaci\u00f3n Andaluz de Pista Cubierta de Antequera.<\/p>\n","protected":false},"author":1,"featured_media":4659,"comment_status":"open","ping_status":"open","sticky":false,"template":"","format":"image","meta":{"footnotes":""},"categories":[1],"tags":[],"_links":{"self":[{"href":"https:\/\/clubdeportivolazubia.com\/index.php?rest_route=\/wp\/v2\/posts\/4657"}],"collection":[{"href":"https:\/\/clubdeportivolazubia.com\/index.php?rest_route=\/wp\/v2\/posts"}],"about":[{"href":"https:\/\/clubdeportivolazubia.com\/index.php?rest_route=\/wp\/v2\/types\/post"}],"author":[{"embeddable":true,"href":"https:\/\/clubdeportivolazubia.com\/index.php?rest_route=\/wp\/v2\/users\/1"}],"replies":[{"embeddable":true,"href":"https:\/\/clubdeportivolazubia.com\/index.php?rest_route=%2Fwp%2Fv2%2Fcomments&post=4657"}],"version-history":[{"count":1,"href":"https:\/\/clubdeportivolazubia.com\/index.php?rest_route=\/wp\/v2\/posts\/4657\/revisions"}],"predecessor-version":[{"id":4660,"href":"https:\/\/clubdeportivolazubia.com\/index.php?rest_route=\/wp\/v2\/posts\/4657\/revisions\/4660"}],"wp:featuredmedia":[{"embeddable":true,"href":"https:\/\/clubdeportivolazubia.com\/index.php?rest_route=\/wp\/v2\/media\/4659"}],"wp:attachment":[{"href":"https:\/\/clubdeportivolazubia.com\/index.php?rest_route=%2Fwp%2Fv2%2Fmedia&parent=4657"}],"wp:term":[{"taxonomy":"category","embeddable":true,"href":"https:\/\/clubdeportivolazubia.com\/index.php?rest_route=%2Fwp%2Fv2%2Fcategories&post=4657"},{"taxonomy":"post_tag","embeddable":true,"href":"https:\/\/clubdeportivolazubia.com\/index.php?rest_route=%2Fwp%2Fv2%2Ftags&post=4657"}],"curies":[{"name":"wp","href":"https:\/\/api.w.org\/{rel}","templated":true}]}}