
{"id":4649,"date":"2020-02-10T20:59:32","date_gmt":"2020-02-10T20:59:32","guid":{"rendered":"http:\/\/clubdeportivolazubia.com\/?p=4649"},"modified":"2020-02-10T20:59:32","modified_gmt":"2020-02-10T20:59:32","slug":"campeonato-de-espana-de-campo-a-traves-feddi-salamanca","status":"publish","type":"post","link":"https:\/\/clubdeportivolazubia.com\/?p=4649","title":{"rendered":"Campeonato de Espa\u00f1a de Campo a Trav\u00e9s FEDDI, Salamanca"},"content":{"rendered":"<h2>El joven atleta del Club Deportivo La Zubia Jes\u00fas S\u00e1nchez Aguila 12\u00ba clasificado en el Campeonato de Espa\u00f1a de Campo a Trav\u00e9s para Personas con Discapacidad Intelectual.<!--more--><\/h2>\n<p>La localidad Salmantina de Santa Marta de Tormes, fue sede el pasado s\u00e1bado 8 de febrero del Campeonato de Espa\u00f1a de Campo a Trav\u00e9s de Personas con Discapacidad Intelectual, en una ma\u00f1ana marcada por la lluvia. La prueba estuvo organizada por FEDDI (Federaci\u00f3n Espa\u00f1ola de Deportes para Personas con Discapacidad Intelectual).<\/p>\n<p>El atleta del Club Deportivo La Zubia Jes\u00fas S\u00e1nchez Aguila en su primera participaci\u00f3n en la categor\u00eda absoluta modalidad competici\u00f3n consigui\u00f3 un magnifico 12\u00aa puesto.<\/p>\n<p><img decoding=\"async\" loading=\"lazy\" class=\"aligncenter size-full wp-image-4641\" src=\"https:\/\/clubdeportivolazubia.com\/wp-content\/uploads\/2020\/02\/Jesus-nacional-cross-2020-1.jpg\" alt=\"\" width=\"1024\" height=\"683\" srcset=\"https:\/\/clubdeportivolazubia.com\/wp-content\/uploads\/2020\/02\/Jesus-nacional-cross-2020-1.jpg 1024w, https:\/\/clubdeportivolazubia.com\/wp-content\/uploads\/2020\/02\/Jesus-nacional-cross-2020-1-300x200.jpg 300w, https:\/\/clubdeportivolazubia.com\/wp-content\/uploads\/2020\/02\/Jesus-nacional-cross-2020-1-768x512.jpg 768w\" sizes=\"(max-width: 1024px) 100vw, 1024px\" \/><\/p>\n<p><img decoding=\"async\" loading=\"lazy\" class=\"aligncenter size-full wp-image-4642\" src=\"https:\/\/clubdeportivolazubia.com\/wp-content\/uploads\/2020\/02\/Jesus-nacional-cross-2020-1-1.jpg\" alt=\"\" width=\"1024\" height=\"683\" srcset=\"https:\/\/clubdeportivolazubia.com\/wp-content\/uploads\/2020\/02\/Jesus-nacional-cross-2020-1-1.jpg 1024w, https:\/\/clubdeportivolazubia.com\/wp-content\/uploads\/2020\/02\/Jesus-nacional-cross-2020-1-1-300x200.jpg 300w, https:\/\/clubdeportivolazubia.com\/wp-content\/uploads\/2020\/02\/Jesus-nacional-cross-2020-1-1-768x512.jpg 768w\" sizes=\"(max-width: 1024px) 100vw, 1024px\" \/><\/p>\n<hr>\n<p>&nbsp;<\/p>\n<p>&nbsp;<\/p>\n","protected":false},"excerpt":{"rendered":"<p>El joven atleta del Club Deportivo La Zubia Jes\u00fas S\u00e1nchez Aguila 12\u00ba clasificado en el Campeonato de Espa\u00f1a de Campo a Trav\u00e9s para Personas con Discapacidad Intelectual.<\/p>\n","protected":false},"author":1,"featured_media":4641,"comment_status":"open","ping_status":"open","sticky":false,"template":"","format":"image","meta":{"footnotes":""},"categories":[1],"tags":[],"_links":{"self":[{"href":"https:\/\/clubdeportivolazubia.com\/index.php?rest_route=\/wp\/v2\/posts\/4649"}],"collection":[{"href":"https:\/\/clubdeportivolazubia.com\/index.php?rest_route=\/wp\/v2\/posts"}],"about":[{"href":"https:\/\/clubdeportivolazubia.com\/index.php?rest_route=\/wp\/v2\/types\/post"}],"author":[{"embeddable":true,"href":"https:\/\/clubdeportivolazubia.com\/index.php?rest_route=\/wp\/v2\/users\/1"}],"replies":[{"embeddable":true,"href":"https:\/\/clubdeportivolazubia.com\/index.php?rest_route=%2Fwp%2Fv2%2Fcomments&post=4649"}],"version-history":[{"count":2,"href":"https:\/\/clubdeportivolazubia.com\/index.php?rest_route=\/wp\/v2\/posts\/4649\/revisions"}],"predecessor-version":[{"id":4651,"href":"https:\/\/clubdeportivolazubia.com\/index.php?rest_route=\/wp\/v2\/posts\/4649\/revisions\/4651"}],"wp:featuredmedia":[{"embeddable":true,"href":"https:\/\/clubdeportivolazubia.com\/index.php?rest_route=\/wp\/v2\/media\/4641"}],"wp:attachment":[{"href":"https:\/\/clubdeportivolazubia.com\/index.php?rest_route=%2Fwp%2Fv2%2Fmedia&parent=4649"}],"wp:term":[{"taxonomy":"category","embeddable":true,"href":"https:\/\/clubdeportivolazubia.com\/index.php?rest_route=%2Fwp%2Fv2%2Fcategories&post=4649"},{"taxonomy":"post_tag","embeddable":true,"href":"https:\/\/clubdeportivolazubia.com\/index.php?rest_route=%2Fwp%2Fv2%2Ftags&post=4649"}],"curies":[{"name":"wp","href":"https:\/\/api.w.org\/{rel}","templated":true}]}}