
{"id":4601,"date":"2020-02-05T21:52:07","date_gmt":"2020-02-05T21:52:07","guid":{"rendered":"http:\/\/clubdeportivolazubia.com\/?p=4601"},"modified":"2020-02-07T22:04:28","modified_gmt":"2020-02-07T22:04:28","slug":"prueba-de-fondo-la-industrial-de-armilla-3","status":"publish","type":"post","link":"https:\/\/clubdeportivolazubia.com\/?p=4601","title":{"rendered":"Prueba de Fondo \u00abLa Industrial\u00bb de Armilla"},"content":{"rendered":"<h3>Los\/as atletas del Club Deportivo La Zubia participan en la Prueba de Fondo \u201cLa Industrial\u201d Armilla consiguiendo unos magn\u00edficos resultados.<\/h3>\n<p><!--more--><\/p>\n<p>Los\/as atletas del Club Deportivo La Zubia participaron en la Prueba de Fondo \u201cLa Industrial\u201d Armilla celebrada el domingo d\u00eda 2 de febrero.&nbsp;<span id=\"more-3386\"><\/span><span id=\"more-3313\"><\/span><\/p>\n<p>Consiguiendo unos magn\u00edficos resultados, destacando los primeros puestos conseguidos por Andr\u00e9s Roldan Montilla en categor\u00eda Promesa, Carmen Mingorance Garc\u00eda en categor\u00eda Veteranas E y Manuel Reyes Ruiz en la categor\u00eda de Veteranos H.<\/p>\n<p><img decoding=\"async\" loading=\"lazy\" class=\"aligncenter  wp-image-4602\" src=\"https:\/\/clubdeportivolazubia.com\/wp-content\/uploads\/2020\/02\/84345306_1108178412862831_4630927076776476672_n.jpg\" alt=\"\" width=\"585\" height=\"329\" srcset=\"https:\/\/clubdeportivolazubia.com\/wp-content\/uploads\/2020\/02\/84345306_1108178412862831_4630927076776476672_n.jpg 1599w, https:\/\/clubdeportivolazubia.com\/wp-content\/uploads\/2020\/02\/84345306_1108178412862831_4630927076776476672_n-300x169.jpg 300w, https:\/\/clubdeportivolazubia.com\/wp-content\/uploads\/2020\/02\/84345306_1108178412862831_4630927076776476672_n-1024x576.jpg 1024w, https:\/\/clubdeportivolazubia.com\/wp-content\/uploads\/2020\/02\/84345306_1108178412862831_4630927076776476672_n-768x432.jpg 768w, https:\/\/clubdeportivolazubia.com\/wp-content\/uploads\/2020\/02\/84345306_1108178412862831_4630927076776476672_n-1536x864.jpg 1536w\" sizes=\"(max-width: 585px) 100vw, 585px\" \/><\/p>\n<p>El resto de los atletas concluyeron en los siguientes puestos:<span class=\"text_exposed_show\"><br \/>\n<\/span><\/p>\n<div class=\"\" data-block=\"true\" data-editor=\"bncli\" data-offset-key=\"6jlfl-0-0\">\n<div class=\"_1mf _1mj\" data-offset-key=\"6jlfl-0-0\"><span data-offset-key=\"6jlfl-0-0\">\u2013 Jose Miguel Rodr\u00edguez Cruz 14\u00ba Senior.<\/span><\/div>\n<div data-offset-key=\"6jlfl-0-0\">\u2013 <span data-offset-key=\"6jlfl-0-0\">Carlos Manuel Dieguez Baena 28\u00b0 Veteranos D.<\/span><\/div>\n<div data-offset-key=\"6jlfl-0-0\">\u2013 <span data-offset-key=\"26uk1-0-0\">Jos\u00e9 \u00c1lvarez Molina 30\u00ba Veteranos D.<\/span><\/div>\n<\/div>\n<div class=\"\" data-block=\"true\" data-editor=\"bncli\" data-offset-key=\"7qd5l-0-0\">\n<div class=\"_1mf _1mj\" data-offset-key=\"7qd5l-0-0\"><span data-offset-key=\"7qd5l-0-0\">\u2013 Alejandro Molina Gervilla 67\u00ba Veteranos B.<\/span><\/div>\n<\/div>\n<div class=\"\" data-block=\"true\" data-editor=\"bncli\" data-offset-key=\"8mbn6-0-0\">\n<div class=\"_1mf _1mj\" data-offset-key=\"8mbn6-0-0\"><span data-offset-key=\"8mbn6-0-0\">\u2013 Mois\u00e9s Ia\u00f1ez Diez 4\u00ba Veteranos F.<\/span><\/div>\n<\/div>\n<div class=\"\" data-block=\"true\" data-editor=\"bncli\" data-offset-key=\"26uk1-0-0\">\n<div class=\"_1mf _1mj\" data-offset-key=\"26uk1-0-0\"><span data-offset-key=\"26uk1-0-0\">\u2013 Jes\u00fas G\u00e1mez Vargas 58\u00ba Veteranos D.<\/span><\/div>\n<\/div>\n<div class=\"\" data-block=\"true\" data-editor=\"bncli\" data-offset-key=\"e67mk-0-0\">\n<div data-offset-key=\"e67mk-0-0\">\u2013 Mar\u00eda Caravias Perez 14\u00aa Veterana B.<\/div>\n<\/div>\n<div data-offset-key=\"e67mk-0-0\">&nbsp;<\/div>\n<div data-offset-key=\"e67mk-0-0\"><a href=\"https:\/\/www.cruzandolameta.es\/clasificaciones\/v2\/xxxii-prueba-de-fondo-la-industrial-base-aerea-de-armilla---1112\/#clasificaciones\">RESULTADOS Y FOTOS<\/a><\/div>\n<div data-offset-key=\"e67mk-0-0\">&nbsp;<\/div>\n<div data-offset-key=\"e67mk-0-0\">\n<hr>\n<\/div>\n","protected":false},"excerpt":{"rendered":"<p>Los\/as atletas del Club Deportivo La Zubia participan en la Prueba de Fondo \u201cLa Industrial\u201d Armilla consiguiendo unos magn\u00edficos resultados.<\/p>\n","protected":false},"author":1,"featured_media":4602,"comment_status":"open","ping_status":"open","sticky":false,"template":"","format":"image","meta":{"footnotes":""},"categories":[1],"tags":[],"_links":{"self":[{"href":"https:\/\/clubdeportivolazubia.com\/index.php?rest_route=\/wp\/v2\/posts\/4601"}],"collection":[{"href":"https:\/\/clubdeportivolazubia.com\/index.php?rest_route=\/wp\/v2\/posts"}],"about":[{"href":"https:\/\/clubdeportivolazubia.com\/index.php?rest_route=\/wp\/v2\/types\/post"}],"author":[{"embeddable":true,"href":"https:\/\/clubdeportivolazubia.com\/index.php?rest_route=\/wp\/v2\/users\/1"}],"replies":[{"embeddable":true,"href":"https:\/\/clubdeportivolazubia.com\/index.php?rest_route=%2Fwp%2Fv2%2Fcomments&post=4601"}],"version-history":[{"count":1,"href":"https:\/\/clubdeportivolazubia.com\/index.php?rest_route=\/wp\/v2\/posts\/4601\/revisions"}],"predecessor-version":[{"id":4603,"href":"https:\/\/clubdeportivolazubia.com\/index.php?rest_route=\/wp\/v2\/posts\/4601\/revisions\/4603"}],"wp:featuredmedia":[{"embeddable":true,"href":"https:\/\/clubdeportivolazubia.com\/index.php?rest_route=\/wp\/v2\/media\/4602"}],"wp:attachment":[{"href":"https:\/\/clubdeportivolazubia.com\/index.php?rest_route=%2Fwp%2Fv2%2Fmedia&parent=4601"}],"wp:term":[{"taxonomy":"category","embeddable":true,"href":"https:\/\/clubdeportivolazubia.com\/index.php?rest_route=%2Fwp%2Fv2%2Fcategories&post=4601"},{"taxonomy":"post_tag","embeddable":true,"href":"https:\/\/clubdeportivolazubia.com\/index.php?rest_route=%2Fwp%2Fv2%2Ftags&post=4601"}],"curies":[{"name":"wp","href":"https:\/\/api.w.org\/{rel}","templated":true}]}}