
{"id":4569,"date":"2020-01-19T16:01:38","date_gmt":"2020-01-19T16:01:38","guid":{"rendered":"http:\/\/clubdeportivolazubia.com\/?p=4569"},"modified":"2020-01-20T16:20:08","modified_gmt":"2020-01-20T16:20:08","slug":"37a-carrera-internacional-noche-de-san-anton-jaen","status":"publish","type":"post","link":"https:\/\/clubdeportivolazubia.com\/?p=4569","title":{"rendered":"37\u00aa Carrera Internacional Noche de San Ant\u00f3n, Ja\u00e9n"},"content":{"rendered":"<h3>Los\/as atletas del Club Deportivo La Zubia han participado en la Carrera Internacional Noche de San Ant\u00f3n celebrada en Ja\u00e9n.<\/h3>\n<p><!--more--><\/p>\n<p><span id=\"more-3797\"><\/span>Los\/as atletas del Club Deportivo La Zubia participaron en la Carrera Internacional Noche San Ant\u00f3n, Ja\u00e9n que tuvo lugar el pasado s\u00e1bado 18 enero.<\/p>\n<p>El resultado de nuestros atletas fueron:<\/p>\n<p>\u2013 Juan Rodriguez Marquez 12\u00ba Veterano C con 38\u00b447&#8243;.<\/p>\n<p>&#8211; Francisco Borrego Alcaide 5\u00ba Veterano D con 39\u00b425&#8243;.<\/p>\n<p>\u2013 Antonio Fern\u00e1ndez de Paso 21\u00ba Veteranos E con 47\u00b422\u2033.<\/p>\n<p>\u2013 Manuel Escalona Ya\u00f1ez 193\u00ba Veterano B con 48\u00b419\u2033.<\/p>\n<p>\u2013 Manuel Vilchez Carranza 206\u00ba Veterano B con 47\u00b424\u2033.<\/p>\n<p><span class=\"text_exposed_show\">\u2013&nbsp; Abdellah Loonsri Maher 138\u00ba Veteranos C con 47\u00b424\u2033.<\/span><\/p>\n<p>\u2013 Katja Stehning 34\u00aa Veterana C con 54\u00b445\u2033.<\/p>\n<p><a href=\"https:\/\/sportmaniacs.com\/es\/races\/carrera-urbana-internacional-noche-de-san-antn-jan\/5e24239b-c888-46f8-8b18-068cac1f033a\/results#rankings\">RESULTADOS<\/a><\/p>\n<p><img decoding=\"async\" loading=\"lazy\" class=\"aligncenter  wp-image-4571\" src=\"https:\/\/clubdeportivolazubia.com\/wp-content\/uploads\/2020\/01\/82837777_190999811954747_5024936338445565952_n.jpg\" alt=\"\" width=\"650\" height=\"488\" srcset=\"https:\/\/clubdeportivolazubia.com\/wp-content\/uploads\/2020\/01\/82837777_190999811954747_5024936338445565952_n.jpg 1600w, https:\/\/clubdeportivolazubia.com\/wp-content\/uploads\/2020\/01\/82837777_190999811954747_5024936338445565952_n-300x225.jpg 300w, https:\/\/clubdeportivolazubia.com\/wp-content\/uploads\/2020\/01\/82837777_190999811954747_5024936338445565952_n-1024x768.jpg 1024w, https:\/\/clubdeportivolazubia.com\/wp-content\/uploads\/2020\/01\/82837777_190999811954747_5024936338445565952_n-768x576.jpg 768w, https:\/\/clubdeportivolazubia.com\/wp-content\/uploads\/2020\/01\/82837777_190999811954747_5024936338445565952_n-1536x1152.jpg 1536w\" sizes=\"(max-width: 650px) 100vw, 650px\" \/><\/p>\n<p>&nbsp;<\/p>\n<hr>\n<p>&nbsp;<\/p>\n<p>&nbsp;<\/p>\n","protected":false},"excerpt":{"rendered":"<p>Los\/as atletas del Club Deportivo La Zubia han participado en la Carrera Internacional Noche de San Ant\u00f3n celebrada en Ja\u00e9n.<\/p>\n","protected":false},"author":1,"featured_media":4570,"comment_status":"open","ping_status":"open","sticky":false,"template":"","format":"image","meta":{"footnotes":""},"categories":[1],"tags":[],"_links":{"self":[{"href":"https:\/\/clubdeportivolazubia.com\/index.php?rest_route=\/wp\/v2\/posts\/4569"}],"collection":[{"href":"https:\/\/clubdeportivolazubia.com\/index.php?rest_route=\/wp\/v2\/posts"}],"about":[{"href":"https:\/\/clubdeportivolazubia.com\/index.php?rest_route=\/wp\/v2\/types\/post"}],"author":[{"embeddable":true,"href":"https:\/\/clubdeportivolazubia.com\/index.php?rest_route=\/wp\/v2\/users\/1"}],"replies":[{"embeddable":true,"href":"https:\/\/clubdeportivolazubia.com\/index.php?rest_route=%2Fwp%2Fv2%2Fcomments&post=4569"}],"version-history":[{"count":1,"href":"https:\/\/clubdeportivolazubia.com\/index.php?rest_route=\/wp\/v2\/posts\/4569\/revisions"}],"predecessor-version":[{"id":4572,"href":"https:\/\/clubdeportivolazubia.com\/index.php?rest_route=\/wp\/v2\/posts\/4569\/revisions\/4572"}],"wp:featuredmedia":[{"embeddable":true,"href":"https:\/\/clubdeportivolazubia.com\/index.php?rest_route=\/wp\/v2\/media\/4570"}],"wp:attachment":[{"href":"https:\/\/clubdeportivolazubia.com\/index.php?rest_route=%2Fwp%2Fv2%2Fmedia&parent=4569"}],"wp:term":[{"taxonomy":"category","embeddable":true,"href":"https:\/\/clubdeportivolazubia.com\/index.php?rest_route=%2Fwp%2Fv2%2Fcategories&post=4569"},{"taxonomy":"post_tag","embeddable":true,"href":"https:\/\/clubdeportivolazubia.com\/index.php?rest_route=%2Fwp%2Fv2%2Ftags&post=4569"}],"curies":[{"name":"wp","href":"https:\/\/api.w.org\/{rel}","templated":true}]}}