
{"id":4498,"date":"2019-11-18T13:16:48","date_gmt":"2019-11-18T13:16:48","guid":{"rendered":"http:\/\/clubdeportivolazubia.com\/?p=4498"},"modified":"2019-11-18T13:17:49","modified_gmt":"2019-11-18T13:17:49","slug":"1a-prueba-del-circuito-provincial-de-campo-a-traves-cuevas-del-campo-2","status":"publish","type":"post","link":"https:\/\/clubdeportivolazubia.com\/?p=4498","title":{"rendered":"1\u00aa Prueba del Circuito Provincial de Campo a Traves, Cuevas del Campo"},"content":{"rendered":"<h2 class=\"wp-block-image\">El Club Deportivo La Zubia participa con una gran representaci\u00f3n de atletas en la 1\u00aa Prueba del Circuito Provincial de Campo a Trav\u00e9s celebrado en Cuevas del Campo.<\/h2>\n<p><!--more--><\/p>\n<p>El pasado s\u00e1bado 16 de noviembre dio comienzo en el municipio granadino de Cuevas del Campo la primera prueba del Circuito Provincial de Campo a Trav\u00e9s de Granada, Diputaci\u00f3n -Fundaci\u00f3n Caja Rural.<\/p>\n<p>El citado circuito consta de cuatro pruebas repartidas por la provincia de Granada:<\/p>\n<p>16 noviembre, Cuevas del Campo.<\/p>\n<p>30 noviembre, Lecrin.<\/p>\n<p>14 diciembre, Cross de Navidad La Zubia.<\/p>\n<p>25 Enero, Moraleda de Zafayona.<\/p>\n<p>En esta primera prueba el Club Deportivo La Zubia a estado representado por mas de 50 atletas, desde la categor\u00eda Sub-8 hasta la de M\u00e1ster.<\/p>\n<p><img decoding=\"async\" loading=\"lazy\" class=\"aligncenter wp-image-4493\" src=\"https:\/\/clubdeportivolazubia.com\/wp-content\/uploads\/2019\/11\/IMG_1132B-scaled.jpg\" alt=\"\" width=\"514\" height=\"299\" srcset=\"https:\/\/clubdeportivolazubia.com\/wp-content\/uploads\/2019\/11\/IMG_1132B-scaled.jpg 2560w, https:\/\/clubdeportivolazubia.com\/wp-content\/uploads\/2019\/11\/IMG_1132B-300x174.jpg 300w, https:\/\/clubdeportivolazubia.com\/wp-content\/uploads\/2019\/11\/IMG_1132B-1024x595.jpg 1024w, https:\/\/clubdeportivolazubia.com\/wp-content\/uploads\/2019\/11\/IMG_1132B-768x446.jpg 768w, https:\/\/clubdeportivolazubia.com\/wp-content\/uploads\/2019\/11\/IMG_1132B-1536x893.jpg 1536w, https:\/\/clubdeportivolazubia.com\/wp-content\/uploads\/2019\/11\/IMG_1132B-2048x1190.jpg 2048w\" sizes=\"(max-width: 514px) 100vw, 514px\" \/><\/p>\n<p>Ademas de la importante participaci\u00f3n de atletas del Club Deportivo La Zubia, destacar los diez puestos de podium conseguidos por nuestros atletas:<\/p>\n<p>\u2013 Alicia S\u00e1nchez Esp\u00ednola 1\u00aa Sub\u00b414.<br \/>\n<span class=\"text_exposed_show\">\u2013 Mar\u00eda Reyes Ariza 3\u00aa Sub\u00b416.<\/span><br \/>\n\u2013&nbsp;<span class=\"text_exposed_show\">Ismael Loonsri Pizarro 2\u00ba Sub\u00b418<\/span>.<span class=\"text_exposed_show\"><br \/>\n\u2013 Jos\u00e9 Daniel Martinez Stehning 3\u00ba Sub\u00b418.&nbsp;<\/span><br \/>\n\u2013 <span class=\"text_exposed_show\">Ana S\u00e1nchez Gonzalez 3\u00aa Sub\u00b418.<\/span><br \/>\n\u2013&nbsp;<span class=\"text_exposed_show\">Jes\u00fas S\u00e1nchez \u00c1guila 1\u00ba Discapacitados competici\u00f3n.<\/span><br \/>\n\u2013 Amoroe P\u00e9rez Baz\u00e1n 2\u00aa Sub\u00b420.<br \/>\n\u2013 Andr\u00e9s Rod\u00e1n Montilla 2\u00b0 Sub\u00b420.<br \/>\n\u2013<span class=\"text_exposed_show\"> Carmen Mingorance Garc\u00eda 1\u00aa M\u00e1ster B.<\/span><br \/>\n\u2013&nbsp;<span class=\"text_exposed_show\">Enrique Molina Vargas 2\u00ba M\u00e1ster B<\/span>.<\/p>\n<p><a href=\"https:\/\/l.facebook.com\/l.php?u=https%3A%2F%2Fphotos.app.goo.gl%2Fu7q8wdgwvQuSkyxW6%3Ffbclid%3DIwAR0gNSL8g1IhsyiZlfHYnYZHM7sMfc6w9He8hDpbTySrffrsuJmd15yLKeY&amp;h=AT1UbKk2KDlmPkaRlDN-O-SpRPf_kv2jc3YitR1QZBF8JGpDjZK_NNNDl2l_N22sftwtFa6SiavEYXm8w_egX9X8V4DNshA2cqhpEKVqQylKtLcGkbAriOPKZrkxpoah_JE\">FOTOS<\/a>&nbsp;<\/p>\n<p><a href=\"https:\/\/www.youtube.com\/watch?v=_nLdArbB1L0\">VIDEO<\/a><\/p>\n<p><a href=\"https:\/\/www.dipgra.es\/uploaddoc\/contenidos\/21780\/RESULTADOS.pdf\">RESULTADOS<\/a><\/p>\n<p>&nbsp;<\/p>\n","protected":false},"excerpt":{"rendered":"<p>El Club Deportivo La Zubia participa con una gran representaci\u00f3n de atletas en la 1\u00aa Prueba del Circuito Provincial de Campo a Trav\u00e9s celebrado en Cuevas del Campo.<\/p>\n","protected":false},"author":1,"featured_media":4493,"comment_status":"open","ping_status":"open","sticky":false,"template":"","format":"image","meta":{"footnotes":""},"categories":[1],"tags":[],"_links":{"self":[{"href":"https:\/\/clubdeportivolazubia.com\/index.php?rest_route=\/wp\/v2\/posts\/4498"}],"collection":[{"href":"https:\/\/clubdeportivolazubia.com\/index.php?rest_route=\/wp\/v2\/posts"}],"about":[{"href":"https:\/\/clubdeportivolazubia.com\/index.php?rest_route=\/wp\/v2\/types\/post"}],"author":[{"embeddable":true,"href":"https:\/\/clubdeportivolazubia.com\/index.php?rest_route=\/wp\/v2\/users\/1"}],"replies":[{"embeddable":true,"href":"https:\/\/clubdeportivolazubia.com\/index.php?rest_route=%2Fwp%2Fv2%2Fcomments&post=4498"}],"version-history":[{"count":1,"href":"https:\/\/clubdeportivolazubia.com\/index.php?rest_route=\/wp\/v2\/posts\/4498\/revisions"}],"predecessor-version":[{"id":4499,"href":"https:\/\/clubdeportivolazubia.com\/index.php?rest_route=\/wp\/v2\/posts\/4498\/revisions\/4499"}],"wp:featuredmedia":[{"embeddable":true,"href":"https:\/\/clubdeportivolazubia.com\/index.php?rest_route=\/wp\/v2\/media\/4493"}],"wp:attachment":[{"href":"https:\/\/clubdeportivolazubia.com\/index.php?rest_route=%2Fwp%2Fv2%2Fmedia&parent=4498"}],"wp:term":[{"taxonomy":"category","embeddable":true,"href":"https:\/\/clubdeportivolazubia.com\/index.php?rest_route=%2Fwp%2Fv2%2Fcategories&post=4498"},{"taxonomy":"post_tag","embeddable":true,"href":"https:\/\/clubdeportivolazubia.com\/index.php?rest_route=%2Fwp%2Fv2%2Ftags&post=4498"}],"curies":[{"name":"wp","href":"https:\/\/api.w.org\/{rel}","templated":true}]}}