
{"id":4451,"date":"2019-11-03T20:35:36","date_gmt":"2019-11-03T20:35:36","guid":{"rendered":"http:\/\/clubdeportivolazubia.com\/?p=4451"},"modified":"2019-11-03T22:43:51","modified_gmt":"2019-11-03T22:43:51","slug":"xxviii-carrera-de-fondo-villa-de-cajar","status":"publish","type":"post","link":"https:\/\/clubdeportivolazubia.com\/?p=4451","title":{"rendered":"XXVIII Carrera de Fondo \u201cVilla de Cajar\u201d"},"content":{"rendered":"<h3>Los\/as atletas del Club Deportivo La Zubia consiguen veinte puestos de podium en la XXVIII Carrera de Fondo Villa de C\u00e1jar.<span id=\"more-2897\"><\/span><\/h3>\n<p><!--more--><\/p>\n<p>Magn\u00edfica la participaci\u00f3n y los resultados de los y las atletas del Club Deportivo La Zubia en esta nueva edici\u00f3n de la Carrera de Fondo Villa de C\u00e1jar celebrada hoy domingo 3 de noviembre.<\/p>\n<p>Destacar la&nbsp;<strong>gran participaci\u00f3n de atletas del Club Deportivo La Zubia<\/strong> desde la categor\u00eda Sub-8 (pre-benjam\u00edn) hasta M\u00e1ster (veterano), los<strong>&nbsp;veinte puestos de podium<\/strong> conseguidos y el <strong>premio al club con m\u00e1s participantes<\/strong>.<\/p>\n<p><a href=\"http:\/\/www.global-tempo.com\/carreras.php?id=1214\">RESULTADOS COMPLETOS<\/a>&nbsp;<\/p>\n<p><a href=\"https:\/\/l.facebook.com\/l.php?u=https%3A%2F%2Fphotos.app.goo.gl%2FvqkDS6CmLsftpqiE6%3Ffbclid%3DIwAR1tvNEea3plx1fq_tmu1Q7Qndt7p_rMAU3-zE0wPg8ComOUsjD2WOmxoIU&amp;h=AT2VN3LNIzKcAwXFpWBlTKGaB5IKPHKOW80JOSswQ90irezMdLtc19YI6uU0maBRZCV5QY-sNS5J3o1qCAGY3Kq8QDoLvPuGB94oUG4sbx72_F-XzY2w_FLiygZ52-hetDQ\">FOTOS<\/a><\/p>\n<p><a href=\"https:\/\/l.facebook.com\/l.php?u=https%3A%2F%2Fyoutu.be%2F408iXpniYqE%3Ffbclid%3DIwAR0Eb3vWiFy5jOluHur5xoS3MrAh58Bh3jkcqn-unTXBKFnGAzyno4GCgAk&amp;h=AT1EJNqCsMW3FNW_-mrZd2cWCumQ1geUl14UDoGA48zMTwEkxlVuU-kw0QHT4wd8lQCqX0DjoDBOMBBo84gaa2nSoS28lsn1tvE-sQOq0_Rymwk5-5-zKqazqDCz3onu6DQ\">VIDEO<\/a><\/p>\n<p>Los resultados de nuestros\/as atletas han sido los siguientes en la carrera Absoluta:&nbsp;<\/p>\n<div class=\"\" data-block=\"true\" data-editor=\"bncli\" data-offset-key=\"6jlfl-0-0\">\n<div class=\"_1mf _1mj\" data-offset-key=\"6jlfl-0-0\"><span data-offset-key=\"6jlfl-0-0\">\u2013 Juan Rodriguez Marquez 3\u00ba Veterano C.<\/span><\/div>\n<div data-offset-key=\"6jlfl-0-0\"><span data-offset-key=\"7qd5l-0-0\">\u2013 Jose Miguel Rodr\u00edguez Cruz 6\u00ba Senior.<\/span><\/div>\n<div class=\"_1mf _1mj\" data-offset-key=\"6jlfl-0-0\"><span data-offset-key=\"6jlfl-0-0\">\u2013 Manuel Polo Mesa 4\u00b0 Veteranos D.<\/span><\/div>\n<div data-offset-key=\"6jlfl-0-0\"><span data-offset-key=\"26uk1-0-0\">\u2013 Alejandro Molina Gervilla 9\u00ba Veteranos B.<\/span><\/div>\n<\/div>\n<div class=\"\" data-block=\"true\" data-editor=\"bncli\" data-offset-key=\"8mbn6-0-0\">\n<div class=\"_1mf _1mj\" data-offset-key=\"8mbn6-0-0\"><span data-offset-key=\"8mbn6-0-0\">\u2013 Abdelilah Loonsri Maher 7\u00ba Veterano D.<\/span><\/div>\n<div data-offset-key=\"8mbn6-0-0\">\n<div class=\"\" data-block=\"true\" data-editor=\"bncli\" data-offset-key=\"6jlfl-0-0\">\n<div data-offset-key=\"6jlfl-0-0\"><span data-offset-key=\"26uk1-0-0\">\u2013 Jose Antonio Reyes Duran 13\u00ba Veteranos C.<\/span><\/div>\n<\/div>\n<div class=\"\" data-block=\"true\" data-editor=\"bncli\" data-offset-key=\"8mbn6-0-0\">\n<div class=\"_1mf _1mj\" data-offset-key=\"8mbn6-0-0\"><span data-offset-key=\"8mbn6-0-0\">\u2013 Carmen Mingorance Garcia 1\u00aa<\/span><span data-offset-key=\"8mbn6-0-0\"> Veteranas E y 3\u00aa Absoluta.<\/span><\/div>\n<\/div>\n<\/div>\n<div data-offset-key=\"8mbn6-0-0\">\u2013 Antonio Ortega Muros 9\u00ba Veteranos D.<\/div>\n<div data-offset-key=\"8mbn6-0-0\">\u2013 Antonio Fern\u00e1ndez del Paso 3\u00ba Veterano E.<\/p>\n<div class=\"\" data-block=\"true\" data-editor=\"bncli\" data-offset-key=\"6jlfl-0-0\">\n<div data-offset-key=\"6jlfl-0-0\"><span data-offset-key=\"7qd5l-0-0\">\u2013 Juan Bautista Roldan Aranda 16\u00ba Veteranos C.<\/span><\/div>\n<div class=\"_1mf _1mj\" data-offset-key=\"6jlfl-0-0\"><span data-offset-key=\"6jlfl-0-0\">\u2013 Jos\u00e9 \u00c1lvarez Molina 11\u00ba Veteranos D.<\/span><\/div>\n<div data-offset-key=\"6jlfl-0-0\"><span data-offset-key=\"26uk1-0-0\">\u2013 Mois\u00e9s I\u00e1\u00f1ez D\u00edez 4\u00ba Veteranos E.<\/span><\/div>\n<\/div>\n<div class=\"\" data-block=\"true\" data-editor=\"bncli\" data-offset-key=\"8mbn6-0-0\">\n<div class=\"_1mf _1mj\" data-offset-key=\"8mbn6-0-0\"><span data-offset-key=\"8mbn6-0-0\">\u2013 Andr\u00e9s Garc\u00eda Quesada 20\u00ba Veteranos B.<\/span><\/div>\n<div data-offset-key=\"8mbn6-0-0\">\n<div class=\"\" data-block=\"true\" data-editor=\"bncli\" data-offset-key=\"6jlfl-0-0\">\n<div data-offset-key=\"6jlfl-0-0\"><span data-offset-key=\"26uk1-0-0\">\u2013 Jes\u00fas Gamez Vargas 13\u00ba Veteranos D.<\/span><\/div>\n<\/div>\n<div class=\"\" data-block=\"true\" data-editor=\"bncli\" data-offset-key=\"8mbn6-0-0\">\n<div class=\"_1mf _1mj\" data-offset-key=\"8mbn6-0-0\"><span data-offset-key=\"8mbn6-0-0\">\u2013 Manuel Reyes Ruiz 9\u00ba Veteranos E.<\/span><\/div>\n<\/div>\n<\/div>\n<div data-offset-key=\"8mbn6-0-0\">\u2013 Katja Sthening 5\u00aa Veteranas C.<\/div>\n<\/div>\n<\/div>\n<div data-offset-key=\"8mbn6-0-0\">\u2013 Esther Gonzalez Castellon 2\u00aa Veteranas E.<\/div>\n<div data-offset-key=\"8mbn6-0-0\">&nbsp;<\/div>\n<div data-offset-key=\"8mbn6-0-0\"><img decoding=\"async\" loading=\"lazy\" class=\"aligncenter  wp-image-4452\" src=\"https:\/\/clubdeportivolazubia.com\/wp-content\/uploads\/2019\/11\/IMG_0467.jpg\" alt=\"\" width=\"646\" height=\"432\" srcset=\"https:\/\/clubdeportivolazubia.com\/wp-content\/uploads\/2019\/11\/IMG_0467.jpg 5216w, https:\/\/clubdeportivolazubia.com\/wp-content\/uploads\/2019\/11\/IMG_0467-300x201.jpg 300w, https:\/\/clubdeportivolazubia.com\/wp-content\/uploads\/2019\/11\/IMG_0467-768x514.jpg 768w, https:\/\/clubdeportivolazubia.com\/wp-content\/uploads\/2019\/11\/IMG_0467-1024x685.jpg 1024w\" sizes=\"(max-width: 646px) 100vw, 646px\" \/><\/div>\n<\/div>\n<div data-offset-key=\"8mbn6-0-0\">&nbsp;<\/div>\n<div data-offset-key=\"8mbn6-0-0\">Categor\u00edas Menores:<\/div>\n<div data-offset-key=\"8mbn6-0-0\">\u2013 Jes\u00fas S\u00e1nchez Aguila 1\u00ba Juvenil.<br \/>\n<span class=\"text_exposed_show\">\u2013 Jos\u00e9 Daniel Martinez Stehning 2\u00ba Juvenil.<\/span><br \/>\n\u2013 <span class=\"text_exposed_show\">Ismael Loonsri Pizarro 3\u00ba Juvenil<\/span>.<span class=\"text_exposed_show\"><br \/>\n\u2013 Ana S\u00e1nchez Gonzalez 1\u00aa Juvenil .&nbsp;<\/span><br \/>\n\u2013 Anabel Peregrina Quesada 2\u00aa Juvenil.<br \/>\n\u2013&nbsp;<span class=\"text_exposed_show\">Antonio Escalona Felipe 1\u00ba Cadete.<\/span><br \/>\n\u2013 Juan Jos\u00e9 Talavera Garz\u00f3n 3\u00ba Cadete.<br \/>\n\u2013 Teo S\u00e1nchez Rodriguez 4\u00b0 Cadete.<br \/>\n\u2013<span class=\"text_exposed_show\"> Mar\u00eda Reyes Ariza 1\u00aa Cadete.<\/span><br \/>\n\u2013 <span class=\"text_exposed_show\">Paula Ramirez Espigares 2\u00aa Cadete<\/span>.<span class=\"text_exposed_show\"><br \/>\n\u2013 Alba Cejudo Serrano 3\u00aa Cadete.&nbsp;<\/span><br \/>\n\u2013 Abdellah Afia Ratibi 1\u00ba Infantil.<br \/>\n\u2013&nbsp;<span class=\"text_exposed_show\">Juan Manuel S\u00e1nchez Martin 3\u00ba Infantil.<\/span><br \/>\n\u2013 Lucas Martinez Stehning 5\u00ba Infantil.<br \/>\n\u2013 Marta Baena Tiscar 1\u00aa Infantil.<br \/>\n\u2013 Mar\u00eda Casanova Pi\u00f1ar 3\u00aa Infantil.<br \/>\n\u2013&nbsp;<span class=\"text_exposed_show\">Carla S\u00e1nchez Recuero 6\u00aa Infantil.<\/span><br \/>\n\u2013 Enrique Fern\u00e1ndez Fern\u00e1ndez 8\u00ba Alevin.<br \/>\n\u2013 Nayara Caba Gonz\u00e1lez 5\u00aa Alevin.<br \/>\n\u2013 Omar Afia Ratibi 8\u00ba Alevin.&nbsp;&nbsp;<\/p>\n<div data-offset-key=\"8mbn6-0-0\">\u2013 Carmen Fern\u00e1ndez Fern\u00e1ndez 2\u00aa Prebenjamin.<br \/>\n\u2013 Bruno Ruano Domingo 2\u00ba Prebenjamin.<br \/>\n\u2013 Diego Perea Tenorio 4\u00ba Prebenjamin.<span class=\"text_exposed_show\"><br \/>\n<\/span>\u2013 Leo Ruano Domingo 14\u00ba Prebenjamin.<\/div>\n<div data-offset-key=\"8mbn6-0-0\">&nbsp;<\/div>\n<\/div>\n<div data-offset-key=\"8mbn6-0-0\"><img decoding=\"async\" loading=\"lazy\" class=\"aligncenter  wp-image-4455\" src=\"https:\/\/clubdeportivolazubia.com\/wp-content\/uploads\/2019\/11\/IMG_0713.jpg\" alt=\"\" width=\"637\" height=\"426\" srcset=\"https:\/\/clubdeportivolazubia.com\/wp-content\/uploads\/2019\/11\/IMG_0713.jpg 5216w, https:\/\/clubdeportivolazubia.com\/wp-content\/uploads\/2019\/11\/IMG_0713-300x201.jpg 300w, https:\/\/clubdeportivolazubia.com\/wp-content\/uploads\/2019\/11\/IMG_0713-768x514.jpg 768w, https:\/\/clubdeportivolazubia.com\/wp-content\/uploads\/2019\/11\/IMG_0713-1024x685.jpg 1024w\" sizes=\"(max-width: 637px) 100vw, 637px\" \/><\/div>\n<div data-offset-key=\"8mbn6-0-0\">\n<hr>\n<\/div>\n","protected":false},"excerpt":{"rendered":"<p>Los\/as atletas del Club Deportivo La Zubia consiguen veinte puestos de podium en la XXVIII Carrera de Fondo Villa de C\u00e1jar.<\/p>\n","protected":false},"author":1,"featured_media":4456,"comment_status":"open","ping_status":"open","sticky":false,"template":"","format":"image","meta":{"footnotes":""},"categories":[1],"tags":[],"_links":{"self":[{"href":"https:\/\/clubdeportivolazubia.com\/index.php?rest_route=\/wp\/v2\/posts\/4451"}],"collection":[{"href":"https:\/\/clubdeportivolazubia.com\/index.php?rest_route=\/wp\/v2\/posts"}],"about":[{"href":"https:\/\/clubdeportivolazubia.com\/index.php?rest_route=\/wp\/v2\/types\/post"}],"author":[{"embeddable":true,"href":"https:\/\/clubdeportivolazubia.com\/index.php?rest_route=\/wp\/v2\/users\/1"}],"replies":[{"embeddable":true,"href":"https:\/\/clubdeportivolazubia.com\/index.php?rest_route=%2Fwp%2Fv2%2Fcomments&post=4451"}],"version-history":[{"count":3,"href":"https:\/\/clubdeportivolazubia.com\/index.php?rest_route=\/wp\/v2\/posts\/4451\/revisions"}],"predecessor-version":[{"id":4473,"href":"https:\/\/clubdeportivolazubia.com\/index.php?rest_route=\/wp\/v2\/posts\/4451\/revisions\/4473"}],"wp:featuredmedia":[{"embeddable":true,"href":"https:\/\/clubdeportivolazubia.com\/index.php?rest_route=\/wp\/v2\/media\/4456"}],"wp:attachment":[{"href":"https:\/\/clubdeportivolazubia.com\/index.php?rest_route=%2Fwp%2Fv2%2Fmedia&parent=4451"}],"wp:term":[{"taxonomy":"category","embeddable":true,"href":"https:\/\/clubdeportivolazubia.com\/index.php?rest_route=%2Fwp%2Fv2%2Fcategories&post=4451"},{"taxonomy":"post_tag","embeddable":true,"href":"https:\/\/clubdeportivolazubia.com\/index.php?rest_route=%2Fwp%2Fv2%2Ftags&post=4451"}],"curies":[{"name":"wp","href":"https:\/\/api.w.org\/{rel}","templated":true}]}}