
{"id":4207,"date":"2019-07-01T11:34:18","date_gmt":"2019-07-01T11:34:18","guid":{"rendered":"http:\/\/clubdeportivolazubia.com\/?p=4207"},"modified":"2019-07-01T11:40:30","modified_gmt":"2019-07-01T11:40:30","slug":"carrera-popular-infantil-barrio-de-san-pedro-la-zubia","status":"publish","type":"post","link":"https:\/\/clubdeportivolazubia.com\/?p=4207","title":{"rendered":"Carrera Popular Infantil Barrio de San Pedro. La Zubia"},"content":{"rendered":"<h3>Gran \u00e9xito de participaci\u00f3n en la Carrera Popular Infantil celebrada en el Barrio de San Pedro, La Zubia.<\/h3>\n<p><!--more--><\/p>\n<p>El pasado domingo d\u00eda 30 de junio el Club deportivo La Zubia y el \u00c1rea de Deportes del Ayuntamiento de La Zubia han organizado en colaboraci\u00f3n con la Diputaci\u00f3n Provincial de Granada y la Comisi\u00f3n de Fiestas del Barrio de San Pedro una nueva edici\u00f3n de la Carrera Popular Infantil de San Pedro.<\/p>\n<p>Esta carrera se viene celebrando desde hace varios a\u00f1os con el objeto de promocionar y acercar el deporte del atletismo a los mas peque\u00f1os.<\/p>\n<p>El circuito se desarrolla por las principales calles del barrio, estando situada la salida y meta en la Plaza de San Pedro.<\/p>\n<p><a href=\"https:\/\/clubdeportivolazubia.com\/wp-content\/uploads\/2019\/07\/Resultados-Carrera-Infantil-San-Pedro-2019.pdf\">Resultados Carrera Infantil San Pedro 2019<\/a><\/p>\n<p><a href=\"https:\/\/photos.app.goo.gl\/iq7FdEr9JNisn2UN8\">FOTOS<\/a><\/p>\n<p><img decoding=\"async\" loading=\"lazy\" class=\"aligncenter size-full wp-image-4215\" src=\"https:\/\/clubdeportivolazubia.com\/wp-content\/uploads\/2019\/06\/IMG_8522.jpg\" alt=\"\" width=\"5188\" height=\"3460\" srcset=\"https:\/\/clubdeportivolazubia.com\/wp-content\/uploads\/2019\/06\/IMG_8522.jpg 5188w, https:\/\/clubdeportivolazubia.com\/wp-content\/uploads\/2019\/06\/IMG_8522-300x200.jpg 300w, https:\/\/clubdeportivolazubia.com\/wp-content\/uploads\/2019\/06\/IMG_8522-768x512.jpg 768w, https:\/\/clubdeportivolazubia.com\/wp-content\/uploads\/2019\/06\/IMG_8522-1024x683.jpg 1024w\" sizes=\"(max-width: 5188px) 100vw, 5188px\" \/><\/p>\n<p>&nbsp;<\/p>\n<hr>\n<p>&nbsp;<\/p>\n","protected":false},"excerpt":{"rendered":"<p>Gran \u00e9xito de participaci\u00f3n en la Carrera Popular Infantil celebrada en el Barrio de San Pedro, La Zubia.<\/p>\n","protected":false},"author":1,"featured_media":4216,"comment_status":"open","ping_status":"open","sticky":false,"template":"","format":"image","meta":{"footnotes":""},"categories":[1],"tags":[],"_links":{"self":[{"href":"https:\/\/clubdeportivolazubia.com\/index.php?rest_route=\/wp\/v2\/posts\/4207"}],"collection":[{"href":"https:\/\/clubdeportivolazubia.com\/index.php?rest_route=\/wp\/v2\/posts"}],"about":[{"href":"https:\/\/clubdeportivolazubia.com\/index.php?rest_route=\/wp\/v2\/types\/post"}],"author":[{"embeddable":true,"href":"https:\/\/clubdeportivolazubia.com\/index.php?rest_route=\/wp\/v2\/users\/1"}],"replies":[{"embeddable":true,"href":"https:\/\/clubdeportivolazubia.com\/index.php?rest_route=%2Fwp%2Fv2%2Fcomments&post=4207"}],"version-history":[{"count":3,"href":"https:\/\/clubdeportivolazubia.com\/index.php?rest_route=\/wp\/v2\/posts\/4207\/revisions"}],"predecessor-version":[{"id":4220,"href":"https:\/\/clubdeportivolazubia.com\/index.php?rest_route=\/wp\/v2\/posts\/4207\/revisions\/4220"}],"wp:featuredmedia":[{"embeddable":true,"href":"https:\/\/clubdeportivolazubia.com\/index.php?rest_route=\/wp\/v2\/media\/4216"}],"wp:attachment":[{"href":"https:\/\/clubdeportivolazubia.com\/index.php?rest_route=%2Fwp%2Fv2%2Fmedia&parent=4207"}],"wp:term":[{"taxonomy":"category","embeddable":true,"href":"https:\/\/clubdeportivolazubia.com\/index.php?rest_route=%2Fwp%2Fv2%2Fcategories&post=4207"},{"taxonomy":"post_tag","embeddable":true,"href":"https:\/\/clubdeportivolazubia.com\/index.php?rest_route=%2Fwp%2Fv2%2Ftags&post=4207"}],"curies":[{"name":"wp","href":"https:\/\/api.w.org\/{rel}","templated":true}]}}