
{"id":4204,"date":"2019-07-01T11:26:29","date_gmt":"2019-07-01T11:26:29","guid":{"rendered":"http:\/\/clubdeportivolazubia.com\/?p=4204"},"modified":"2019-07-01T11:26:29","modified_gmt":"2019-07-01T11:26:29","slug":"matinal-de-deportes-alternativos-barrio-de-san-pedro-la-zubia","status":"publish","type":"post","link":"https:\/\/clubdeportivolazubia.com\/?p=4204","title":{"rendered":"MATINAL DE DEPORTES ALTERNATIVOS BARRIO DE SAN PEDRO, LA ZUBIA."},"content":{"rendered":"<h2>Mas de 100 ni\u00f1os y ni\u00f1as han participado en la Matinal de Deportes Alternativos organizada en el Barrio de San Pedro de La Zubia.<\/h2>\n<p><!--more--><\/p>\n<p>El pasado s\u00e1bado 29 de junio tuvo lugar lugar en la Plaza de San Pedro de La Zubia la&nbsp; una Matinal de Deportes Alternativos en la que participaron mas de 100 ni\u00f1os y ni\u00f1as.<\/p>\n<p>A lo largo de la ma\u00f1ana del s\u00e1bado los los ni\u00f1os y ni\u00f1as asistentes pudieron participar en las diferentes actividades deportivas que se organizaron, actividades tan variadas como b\u00e1dminton, voleibol, juegos con indiakas, hockey, zancos, patinaje, soga tira&#8230;<\/p>\n<p>Una vez finalizada la actividad se realiz\u00f3 un un sorteo de premios y regalos entre todos\/as los\/as participantes.<\/p>\n<p>Un a\u00f1o mas esta actividad ha estado organizada por el \u00c1rea de Deportes del Ayuntamiento de La Zubia y el Club Deportivo La Zubia y a contado con la colaboraci\u00f3n de la Diputaci\u00f3n Provincial de Granada, la Comisi\u00f3n de Fiestas de San Pedro y la Agrupaci\u00f3n de Voluntarios de Protecci\u00f3n Civil de La Zubia.<\/p>\n<p><img decoding=\"async\" loading=\"lazy\" class=\"aligncenter size-full wp-image-4212\" src=\"https:\/\/clubdeportivolazubia.com\/wp-content\/uploads\/2019\/07\/65572880_10216158867378752_1424784529192648704_n.jpg\" alt=\"\" width=\"960\" height=\"720\" srcset=\"https:\/\/clubdeportivolazubia.com\/wp-content\/uploads\/2019\/07\/65572880_10216158867378752_1424784529192648704_n.jpg 960w, https:\/\/clubdeportivolazubia.com\/wp-content\/uploads\/2019\/07\/65572880_10216158867378752_1424784529192648704_n-300x225.jpg 300w, https:\/\/clubdeportivolazubia.com\/wp-content\/uploads\/2019\/07\/65572880_10216158867378752_1424784529192648704_n-768x576.jpg 768w\" sizes=\"(max-width: 960px) 100vw, 960px\" \/><\/p>\n<hr>\n<p>&nbsp;<\/p>\n","protected":false},"excerpt":{"rendered":"<p>Mas de 100 ni\u00f1os y ni\u00f1as han participado en la Matinal de Deportes Alternativos organizada en el Barrio de San Pedro de La Zubia.<\/p>\n","protected":false},"author":1,"featured_media":4213,"comment_status":"open","ping_status":"open","sticky":false,"template":"","format":"image","meta":{"footnotes":""},"categories":[1],"tags":[],"_links":{"self":[{"href":"https:\/\/clubdeportivolazubia.com\/index.php?rest_route=\/wp\/v2\/posts\/4204"}],"collection":[{"href":"https:\/\/clubdeportivolazubia.com\/index.php?rest_route=\/wp\/v2\/posts"}],"about":[{"href":"https:\/\/clubdeportivolazubia.com\/index.php?rest_route=\/wp\/v2\/types\/post"}],"author":[{"embeddable":true,"href":"https:\/\/clubdeportivolazubia.com\/index.php?rest_route=\/wp\/v2\/users\/1"}],"replies":[{"embeddable":true,"href":"https:\/\/clubdeportivolazubia.com\/index.php?rest_route=%2Fwp%2Fv2%2Fcomments&post=4204"}],"version-history":[{"count":3,"href":"https:\/\/clubdeportivolazubia.com\/index.php?rest_route=\/wp\/v2\/posts\/4204\/revisions"}],"predecessor-version":[{"id":4214,"href":"https:\/\/clubdeportivolazubia.com\/index.php?rest_route=\/wp\/v2\/posts\/4204\/revisions\/4214"}],"wp:featuredmedia":[{"embeddable":true,"href":"https:\/\/clubdeportivolazubia.com\/index.php?rest_route=\/wp\/v2\/media\/4213"}],"wp:attachment":[{"href":"https:\/\/clubdeportivolazubia.com\/index.php?rest_route=%2Fwp%2Fv2%2Fmedia&parent=4204"}],"wp:term":[{"taxonomy":"category","embeddable":true,"href":"https:\/\/clubdeportivolazubia.com\/index.php?rest_route=%2Fwp%2Fv2%2Fcategories&post=4204"},{"taxonomy":"post_tag","embeddable":true,"href":"https:\/\/clubdeportivolazubia.com\/index.php?rest_route=%2Fwp%2Fv2%2Ftags&post=4204"}],"curies":[{"name":"wp","href":"https:\/\/api.w.org\/{rel}","templated":true}]}}