
{"id":4105,"date":"2019-04-29T10:37:18","date_gmt":"2019-04-29T10:37:18","guid":{"rendered":"http:\/\/clubdeportivolazubia.com\/?p=4105"},"modified":"2019-04-30T11:23:53","modified_gmt":"2019-04-30T11:23:53","slug":"campeonato-provincial-menores-granada-jornada-a-almunecar","status":"publish","type":"post","link":"https:\/\/clubdeportivolazubia.com\/?p=4105","title":{"rendered":"Campeonato Provincial Menores Granada \u00abJornada A\u00bb &#8211; Almu\u00f1\u00e9car"},"content":{"rendered":"<h3>Los\/as atletas del Club Deportivo La Zubia participan en el Campeonato Provincial de Granada \u00abJornada A\u00bb celebrada en Almu\u00f1\u00e9car.<\/h3>\n<p><!--more--><\/p>\n<p>El pasado s\u00e1bado 27 de abril se realiz\u00f3 en la pista de atletismo de Almu\u00f1\u00e9car la \u00abJornada A\u00bb del Campeonato Provincial de Atletismo de Granada.<\/p>\n<p>Han conseguido unos magn\u00edficos resultados, destacando el tercer puesto de Alicia S\u00e1nchez Esp\u00ednola en la prueba de 80m.l. en categor\u00eda Sub\u00b414.<\/p>\n<p><img decoding=\"async\" loading=\"lazy\" class=\"aligncenter  wp-image-4107\" src=\"https:\/\/clubdeportivolazubia.com\/wp-content\/uploads\/2019\/04\/59002691_408459039942959_8834565170287083520_n.jpg\" alt=\"\" width=\"585\" height=\"377\" srcset=\"https:\/\/clubdeportivolazubia.com\/wp-content\/uploads\/2019\/04\/59002691_408459039942959_8834565170287083520_n.jpg 945w, https:\/\/clubdeportivolazubia.com\/wp-content\/uploads\/2019\/04\/59002691_408459039942959_8834565170287083520_n-300x193.jpg 300w, https:\/\/clubdeportivolazubia.com\/wp-content\/uploads\/2019\/04\/59002691_408459039942959_8834565170287083520_n-768x494.jpg 768w\" sizes=\"(max-width: 585px) 100vw, 585px\" \/><\/p>\n<h4>80 m.l. masculino<\/h4>\n<p>13\u00ba Juan Manuel S\u00e1nchez Martin, 12\u203336 (Marca m\u00ednima personal).<\/p>\n<h4>80 m.l. femenino<\/h4>\n<p>3\u00aa Alicia S\u00e1nchez Esp\u00ednola,11\u203355 (Marca m\u00ednima personal).<\/p>\n<p>12\u00aa Marta Baena Tiscar, 12\u203354.<\/p>\n<p>13\u00aa Miriam S\u00e1nchez Esp\u00ednola, 12&#8243;59 (Marca m\u00ednima personal).<\/p>\n<h4>100 m.l. femenino<\/h4>\n<p>4\u00aa Laura Casalini Vazquez, 14&#8243;17 (Marca m\u00ednima personal).<\/p>\n<h4>500 m.l. masculino<\/h4>\n<p>8\u00ba Juan Manuel S\u00e1nchez Martin, 1\u00b428\u203348 (Marca m\u00ednima personal).<\/p>\n<p>9\u00ba Lucas Martinez Stehning, 1\u00b431&#8243;81 (Marca m\u00ednima personal).<\/p>\n<h4>500 m.l. femenino<\/h4>\n<p>5\u00aa Marta Baena Tiscar, 1\u00b436\u203341 (Marca m\u00ednima personal).<\/p>\n<h4>Javalina (400g) femenino<\/h4>\n<p>7\u00aa Miriam S\u00e1nchez Esp\u00ednola, 13,02 metros (Marca m\u00ednima personal).<\/p>\n<p>13\u00aa Alicia S\u00e1nchez Esp\u00ednola, 8,85 metros.<\/p>\n<h4>Javalina (500g) masculino<\/h4>\n<p>7\u00ba Lucas Martinez Stehning, 19,58 metros (Marca m\u00ednima personal).&nbsp;<\/p>\n<p><a href=\"http:\/\/www.fedatletismoandaluz.net\/index.php\/resultados1\/send\/83-granada\/1968-27-04-19-final-provincial-a\">RESULTADOS COMPLETOS<\/a><\/p>\n<p><img decoding=\"async\" loading=\"lazy\" class=\"aligncenter  wp-image-4108\" src=\"https:\/\/clubdeportivolazubia.com\/wp-content\/uploads\/2019\/04\/58594665_420207218764657_1055700401556291584_n.jpg\" alt=\"\" width=\"392\" height=\"565\" srcset=\"https:\/\/clubdeportivolazubia.com\/wp-content\/uploads\/2019\/04\/58594665_420207218764657_1055700401556291584_n.jpg 899w, https:\/\/clubdeportivolazubia.com\/wp-content\/uploads\/2019\/04\/58594665_420207218764657_1055700401556291584_n-208x300.jpg 208w, https:\/\/clubdeportivolazubia.com\/wp-content\/uploads\/2019\/04\/58594665_420207218764657_1055700401556291584_n-768x1108.jpg 768w, https:\/\/clubdeportivolazubia.com\/wp-content\/uploads\/2019\/04\/58594665_420207218764657_1055700401556291584_n-710x1024.jpg 710w\" sizes=\"(max-width: 392px) 100vw, 392px\" \/><\/p>\n<p>&nbsp;<\/p>\n<hr>\n<p>&nbsp;<\/p>\n<p>&nbsp;<\/p>\n","protected":false},"excerpt":{"rendered":"<p>Los\/as atletas del Club Deportivo La Zubia participan en el Campeonato Provincial de Granada \u00abJornada A\u00bb celebrada en Almu\u00f1\u00e9car.<\/p>\n","protected":false},"author":1,"featured_media":4107,"comment_status":"open","ping_status":"open","sticky":false,"template":"","format":"image","meta":{"footnotes":""},"categories":[1],"tags":[],"_links":{"self":[{"href":"https:\/\/clubdeportivolazubia.com\/index.php?rest_route=\/wp\/v2\/posts\/4105"}],"collection":[{"href":"https:\/\/clubdeportivolazubia.com\/index.php?rest_route=\/wp\/v2\/posts"}],"about":[{"href":"https:\/\/clubdeportivolazubia.com\/index.php?rest_route=\/wp\/v2\/types\/post"}],"author":[{"embeddable":true,"href":"https:\/\/clubdeportivolazubia.com\/index.php?rest_route=\/wp\/v2\/users\/1"}],"replies":[{"embeddable":true,"href":"https:\/\/clubdeportivolazubia.com\/index.php?rest_route=%2Fwp%2Fv2%2Fcomments&post=4105"}],"version-history":[{"count":1,"href":"https:\/\/clubdeportivolazubia.com\/index.php?rest_route=\/wp\/v2\/posts\/4105\/revisions"}],"predecessor-version":[{"id":4109,"href":"https:\/\/clubdeportivolazubia.com\/index.php?rest_route=\/wp\/v2\/posts\/4105\/revisions\/4109"}],"wp:featuredmedia":[{"embeddable":true,"href":"https:\/\/clubdeportivolazubia.com\/index.php?rest_route=\/wp\/v2\/media\/4107"}],"wp:attachment":[{"href":"https:\/\/clubdeportivolazubia.com\/index.php?rest_route=%2Fwp%2Fv2%2Fmedia&parent=4105"}],"wp:term":[{"taxonomy":"category","embeddable":true,"href":"https:\/\/clubdeportivolazubia.com\/index.php?rest_route=%2Fwp%2Fv2%2Fcategories&post=4105"},{"taxonomy":"post_tag","embeddable":true,"href":"https:\/\/clubdeportivolazubia.com\/index.php?rest_route=%2Fwp%2Fv2%2Ftags&post=4105"}],"curies":[{"name":"wp","href":"https:\/\/api.w.org\/{rel}","templated":true}]}}