
{"id":3970,"date":"2019-02-22T11:55:56","date_gmt":"2019-02-22T11:55:56","guid":{"rendered":"http:\/\/clubdeportivolazubia.com\/?p=3970"},"modified":"2019-02-22T11:57:24","modified_gmt":"2019-02-22T11:57:24","slug":"clausura-del-circuito-provincial-de-campo-a-traves-de-granada","status":"publish","type":"post","link":"https:\/\/clubdeportivolazubia.com\/?p=3970","title":{"rendered":"Clausura del Circuito Provincial de Campo a Trav\u00e9s de Granada."},"content":{"rendered":"<h3>Gran \u00e9xito de los y las atletas del Club Deportivo La Zubia en el Circuito Provincial de Campo a Trav\u00e9s de la Diputaci\u00f3n de Granada.<\/h3>\n<p><!--more--><\/p>\n<p>El Circuito comenz\u00f3 en el 17 de noviembre del 2018 y ha finalizado el 26 de enero del 2019 y se ha realizado en cuatro municipios repartidos por toda la provincia: Cuevas del Campo, Lecrin, La Zubia (con el Cross de Navidad) y Moraleda de Zafayona.<\/p>\n<p>El Club Deportivo La Zubia ha sido uno de los clubes con mayor participaci\u00f3n en cada una de las pruebas del Circuito, pues han sido casi 60 los\/as atletas que han participado.<\/p>\n<p>A nivel de resultados ha sido todo un \u00e9xito, ya que 47 atletas del club han conseguido premios en la clasificaci\u00f3n final y de los cuales 15 se han clasificado entre los cinco primeros entre todas las categor\u00edas.<\/p>\n<p><span style=\"color: #ff0000;\">La entrega de premios finales se realizar\u00e1 el d\u00eda 15 de marzo a las 19:00 h. en el sal\u00f3n de actos del edificio de la CAJA RURAL, Avda, Don Bosco n\u00ba 2 (esquina ctra. de Armilla).<\/span><\/p>\n<p>Resultados de nuestros atletas:<\/p>\n<table style=\"height: 2026px;\" width=\"269\">\n<tbody>\n<tr>\n<td colspan=\"2\" width=\"270\"><strong>SUB\u00b48 FEMENINO<\/strong><\/td>\n<\/tr>\n<tr>\n<td>5\u00aa<\/td>\n<td>Ines Escudero Macia.<\/td>\n<\/tr>\n<tr>\n<td colspan=\"2\"><strong>SUB\u00b410 FEMENINO<\/strong><\/td>\n<\/tr>\n<tr>\n<td>6\u00aa<\/td>\n<td>Elisabet Rodriguez Baz\u00e1n<\/td>\n<\/tr>\n<tr>\n<td colspan=\"2\"><strong>SUB\u00b410 MASCULINO<\/strong><\/td>\n<\/tr>\n<tr>\n<td>3\u00ba<\/td>\n<td>Javier Peregrina Quesada.<\/td>\n<\/tr>\n<tr>\n<td>4\u00ba<\/td>\n<td>Marcos Escudero Macia.<\/td>\n<\/tr>\n<tr>\n<td>9\u00ba<\/td>\n<td>Omar Afia Ratibi.<\/td>\n<\/tr>\n<tr>\n<td>12\u00ba<\/td>\n<td>Pablo Solera Garcia.<\/td>\n<\/tr>\n<tr>\n<td colspan=\"2\"><strong>SUB\u00b412 FEMENINO<\/strong><\/td>\n<\/tr>\n<tr>\n<td>30\u00aa<\/td>\n<td>Irene Molina Antequera.<\/td>\n<\/tr>\n<tr>\n<td colspan=\"2\"><strong>SUB\u00b412 MASCULINO<\/strong><\/td>\n<\/tr>\n<tr>\n<td>9\u00ba<\/td>\n<td>Aire Carrion Aguilar.<\/td>\n<\/tr>\n<tr>\n<td>22\u00ba<\/td>\n<td>Marcos Moya Sanchez.<\/td>\n<\/tr>\n<tr>\n<td colspan=\"2\"><strong>SUB\u00b414&nbsp; FEMENINO<\/strong><\/td>\n<\/tr>\n<tr>\n<td>1\u00aa<\/td>\n<td>Alicia Sanchez Espinola.<\/td>\n<\/tr>\n<tr>\n<td>5\u00aa<\/td>\n<td>Miriam Sanchez Espinola.<\/td>\n<\/tr>\n<tr>\n<td>7\u00aa<\/td>\n<td>Maria Casanova Pi\u00f1ar.<\/td>\n<\/tr>\n<tr>\n<td>8\u00aa&nbsp;<\/td>\n<td>Marta Baena Tiscar.<\/td>\n<\/tr>\n<tr>\n<td>12\u00aa<\/td>\n<td>Ariadna Rodriguez Bazan.<\/td>\n<\/tr>\n<tr>\n<td>23\u00aa<\/td>\n<td>Julia Aguila Hurtado.<\/td>\n<\/tr>\n<tr>\n<td>24\u00aa<\/td>\n<td>Carla Sanchez Recuero.<\/td>\n<\/tr>\n<tr>\n<td colspan=\"2\"><strong>SUB\u00b414 MASCULINO<\/strong><\/td>\n<\/tr>\n<tr>\n<td>6\u00ba<\/td>\n<td>Abdellah Afia Ratibi.<\/td>\n<\/tr>\n<tr>\n<td>9\u00ba<\/td>\n<td>Juan Manuel Sanchez Martin.<\/td>\n<\/tr>\n<tr>\n<td>11\u00ba<\/td>\n<td>Lucas Martinez Stehning.<\/td>\n<\/tr>\n<tr>\n<td>27\u00ba<\/td>\n<td>Angel Jimenez S\u00e1nchez.<\/td>\n<\/tr>\n<tr>\n<td colspan=\"2\"><strong>SUB\u00b416 FEMENINO<\/strong><\/td>\n<\/tr>\n<tr>\n<td>3\u00aa<\/td>\n<td>Maria Reyes Ariza.<\/td>\n<\/tr>\n<tr>\n<td>7\u00aa<\/td>\n<td>Laura Casalini Vazquez.<\/td>\n<\/tr>\n<tr>\n<td>16\u00aa<\/td>\n<td>Eva Aguila Hurtado.<\/td>\n<\/tr>\n<tr>\n<td colspan=\"2\"><strong>SUB\u00b416&nbsp; MASCULINO<\/strong><\/td>\n<\/tr>\n<tr>\n<td>13\u00ba<\/td>\n<td>Juan Jose Talavera Garzon.<\/td>\n<\/tr>\n<tr>\n<td>19\u00ba<\/td>\n<td>David Suarez Martin.<\/td>\n<\/tr>\n<tr>\n<td colspan=\"2\"><strong>SUB\u00b418 FEMENINO<\/strong><\/td>\n<\/tr>\n<tr>\n<td>3\u00aa<\/td>\n<td>Micaela Martinez Stehning.<\/td>\n<\/tr>\n<tr>\n<td>4\u00aa<\/td>\n<td>Carmen Baena Tiscar.<\/td>\n<\/tr>\n<tr>\n<td>5\u00aa<\/td>\n<td>Ana Sanchez Gonzalez.<\/td>\n<\/tr>\n<tr>\n<td colspan=\"2\"><strong>SUB\u00b416 MASCULINO<\/strong><\/td>\n<\/tr>\n<tr>\n<td>5\u00ba<\/td>\n<td>Jos\u00e9 Daniel Martinez Stehning<\/td>\n<\/tr>\n<tr>\n<td>6\u00ba<\/td>\n<td>Gerardo Fernandez Nogueras.<\/td>\n<\/tr>\n<tr>\n<td>7\u00ba<\/td>\n<td>Ismael Loonsri Pizarro.<\/td>\n<\/tr>\n<tr>\n<td colspan=\"2\"><strong>SUB\u00b420 FEMENINO<\/strong><\/td>\n<\/tr>\n<tr>\n<td>4\u00aa<\/td>\n<td>Amoroe Perez Bazan.<\/td>\n<\/tr>\n<tr>\n<td colspan=\"2\"><strong>SENIOR FEMENINO<\/strong><\/td>\n<\/tr>\n<tr>\n<td>1\u00aa<\/td>\n<td>Ester Fernandez Bazan.<\/td>\n<\/tr>\n<tr>\n<td colspan=\"2\"><strong>SENIOR MASCULINO<\/strong><\/td>\n<\/tr>\n<tr>\n<td>8\u00ba<\/td>\n<td>David Jimenez Carretero.<\/td>\n<\/tr>\n<tr>\n<td colspan=\"2\"><strong>MASTER A MASCULINO<\/strong><\/td>\n<\/tr>\n<tr>\n<td>6\u00aa<\/td>\n<td>M\u00aa Teresa Rodriguez Ruiz.<\/td>\n<\/tr>\n<tr>\n<td>8\u00aa&nbsp;<\/td>\n<td>&nbsp;Maria Caravias Perez<\/td>\n<\/tr>\n<tr>\n<td>12\u00aa<\/td>\n<td>Emilia Quesada Gallego.<\/td>\n<\/tr>\n<tr>\n<td>14\u00aa<\/td>\n<td>Almudena Baz\u00e1n Diez<\/td>\n<\/tr>\n<tr>\n<td colspan=\"2\"><strong>MASTER A FEMENINO<\/strong><\/td>\n<\/tr>\n<tr>\n<td>9\u00ba<\/td>\n<td>F\u00ba Javier Rodriguez Ruiz.<\/td>\n<\/tr>\n<tr>\n<td colspan=\"2\"><strong>MASTER B FEMENINO<\/strong><\/td>\n<\/tr>\n<tr>\n<td>1\u00aa<\/td>\n<td>Carmen Mingorance Garcia.<\/td>\n<\/tr>\n<tr>\n<td>4\u00aa<\/td>\n<td>M\u00aa Jes\u00fas Ya\u00f1ez Polo.<\/td>\n<\/tr>\n<tr>\n<td>6\u00aa<\/td>\n<td>Katja Stehning.<\/td>\n<\/tr>\n<tr>\n<td>7\u00aa<\/td>\n<td>Esther Gonzalez Castellon.<\/td>\n<\/tr>\n<tr>\n<td>8\u00aa&nbsp;<\/td>\n<td>Maria Ariza Velazquez.<\/td>\n<\/tr>\n<tr>\n<td colspan=\"2\"><strong>MASTER B MASCULINO<\/strong><\/td>\n<\/tr>\n<tr>\n<td>1\u00ba<\/td>\n<td>Enrique Molina Vargas.<\/td>\n<\/tr>\n<tr>\n<td>8\u00ba<\/td>\n<td>Tino Krell.<\/td>\n<\/tr>\n<tr>\n<td>9\u00ba<\/td>\n<td>Manuel Navarro Cocera.<\/td>\n<\/tr>\n<\/tbody>\n<\/table>\n<p><a href=\"http:\/\/www.dipgra.es\/uploaddoc\/contenidos\/11758\/CLASIFICACION.pdf\">RESULTADOS COMPLETOS<\/a><\/p>\n<p>&nbsp;<\/p>\n<hr>\n<p>&nbsp;<\/p>\n","protected":false},"excerpt":{"rendered":"<p>Gran \u00e9xito de los y las atletas del Club Deportivo La Zubia en el Circuito Provincial de Campo a Trav\u00e9s de la Diputaci\u00f3n de Granada.<\/p>\n","protected":false},"author":1,"featured_media":0,"comment_status":"open","ping_status":"open","sticky":false,"template":"","format":"image","meta":{"footnotes":""},"categories":[1],"tags":[],"_links":{"self":[{"href":"https:\/\/clubdeportivolazubia.com\/index.php?rest_route=\/wp\/v2\/posts\/3970"}],"collection":[{"href":"https:\/\/clubdeportivolazubia.com\/index.php?rest_route=\/wp\/v2\/posts"}],"about":[{"href":"https:\/\/clubdeportivolazubia.com\/index.php?rest_route=\/wp\/v2\/types\/post"}],"author":[{"embeddable":true,"href":"https:\/\/clubdeportivolazubia.com\/index.php?rest_route=\/wp\/v2\/users\/1"}],"replies":[{"embeddable":true,"href":"https:\/\/clubdeportivolazubia.com\/index.php?rest_route=%2Fwp%2Fv2%2Fcomments&post=3970"}],"version-history":[{"count":5,"href":"https:\/\/clubdeportivolazubia.com\/index.php?rest_route=\/wp\/v2\/posts\/3970\/revisions"}],"predecessor-version":[{"id":3975,"href":"https:\/\/clubdeportivolazubia.com\/index.php?rest_route=\/wp\/v2\/posts\/3970\/revisions\/3975"}],"wp:attachment":[{"href":"https:\/\/clubdeportivolazubia.com\/index.php?rest_route=%2Fwp%2Fv2%2Fmedia&parent=3970"}],"wp:term":[{"taxonomy":"category","embeddable":true,"href":"https:\/\/clubdeportivolazubia.com\/index.php?rest_route=%2Fwp%2Fv2%2Fcategories&post=3970"},{"taxonomy":"post_tag","embeddable":true,"href":"https:\/\/clubdeportivolazubia.com\/index.php?rest_route=%2Fwp%2Fv2%2Ftags&post=3970"}],"curies":[{"name":"wp","href":"https:\/\/api.w.org\/{rel}","templated":true}]}}