
{"id":3942,"date":"2019-02-13T15:36:20","date_gmt":"2019-02-13T15:36:20","guid":{"rendered":"http:\/\/clubdeportivolazubia.com\/?p=3942"},"modified":"2019-02-13T15:36:20","modified_gmt":"2019-02-13T15:36:20","slug":"campeonato-de-espana-de-campo-a-traves-feddi-santander","status":"publish","type":"post","link":"https:\/\/clubdeportivolazubia.com\/?p=3942","title":{"rendered":"Campeonato de Espa\u00f1a de Campo a Trav\u00e9s FEDDI, Santander"},"content":{"rendered":"<h3>El atleta Jes\u00fas S\u00e1nchez \u00c1guila del Club Deportivo La Zubia, Medalla de Bronce en los Campeonatos de Espa\u00f1a de&nbsp; Campo a Trav\u00e9s FEDDI.<span id=\"more-3614\"><\/span><\/h3>\n<p><!--more--><\/p>\n<p>El pasado s\u00e1bado 9 de febrero se celebr\u00f3 en Santander&nbsp; el CAMPEONATO DE ESPA\u00d1A DE CAMPO A TRAV\u00c9S FEDDI 2019.<\/p>\n<p>El atleta del Club Deportivo La Zubia Jes\u00fas S\u00e1nchez \u00c1guila&nbsp; se hizo con la Medalla de Bronce en este Campeonato de Espa\u00f1a en la categor\u00eda Junior.<\/p>\n<div>El podium de esta categor\u00eda junior fue el siguiente:<\/div>\n<div>Medalla de Oro, ANTONIO PEREZ VIVAR de la Comunidad Foral de Navarra, 09:01.34<\/div>\n<div>Medalla de Plata, SEBASTIAN PEREZ SANCHEZ de La Rioja, 09:15.12<\/div>\n<div>Medalla de Bronce, JESUS S\u00c1NCHEZ AGUILAR de Andaluc\u00eda, 09:33.<\/div>\n<div><img decoding=\"async\" loading=\"lazy\" class=\"aligncenter size-full wp-image-3941\" src=\"https:\/\/clubdeportivolazubia.com\/wp-content\/uploads\/2019\/02\/jesus3.jpg\" alt=\"\" width=\"768\" height=\"512\" srcset=\"https:\/\/clubdeportivolazubia.com\/wp-content\/uploads\/2019\/02\/jesus3.jpg 768w, https:\/\/clubdeportivolazubia.com\/wp-content\/uploads\/2019\/02\/jesus3-300x200.jpg 300w\" sizes=\"(max-width: 768px) 100vw, 768px\" \/><\/div>\n<div><img decoding=\"async\" loading=\"lazy\" class=\"aligncenter size-full wp-image-3939\" src=\"https:\/\/clubdeportivolazubia.com\/wp-content\/uploads\/2019\/02\/Jesus1.jpg\" alt=\"\" width=\"768\" height=\"512\" srcset=\"https:\/\/clubdeportivolazubia.com\/wp-content\/uploads\/2019\/02\/Jesus1.jpg 768w, https:\/\/clubdeportivolazubia.com\/wp-content\/uploads\/2019\/02\/Jesus1-300x200.jpg 300w\" sizes=\"(max-width: 768px) 100vw, 768px\" \/><\/div>\n<div>\n<hr>\n<\/div>\n","protected":false},"excerpt":{"rendered":"<p>El atleta Jes\u00fas S\u00e1nchez \u00c1guila del Club Deportivo La Zubia, Medalla de Bronce en los Campeonatos de Espa\u00f1a de&nbsp; Campo a Trav\u00e9s FEDDI.<\/p>\n","protected":false},"author":1,"featured_media":3940,"comment_status":"open","ping_status":"open","sticky":false,"template":"","format":"image","meta":{"footnotes":""},"categories":[1],"tags":[],"_links":{"self":[{"href":"https:\/\/clubdeportivolazubia.com\/index.php?rest_route=\/wp\/v2\/posts\/3942"}],"collection":[{"href":"https:\/\/clubdeportivolazubia.com\/index.php?rest_route=\/wp\/v2\/posts"}],"about":[{"href":"https:\/\/clubdeportivolazubia.com\/index.php?rest_route=\/wp\/v2\/types\/post"}],"author":[{"embeddable":true,"href":"https:\/\/clubdeportivolazubia.com\/index.php?rest_route=\/wp\/v2\/users\/1"}],"replies":[{"embeddable":true,"href":"https:\/\/clubdeportivolazubia.com\/index.php?rest_route=%2Fwp%2Fv2%2Fcomments&post=3942"}],"version-history":[{"count":1,"href":"https:\/\/clubdeportivolazubia.com\/index.php?rest_route=\/wp\/v2\/posts\/3942\/revisions"}],"predecessor-version":[{"id":3943,"href":"https:\/\/clubdeportivolazubia.com\/index.php?rest_route=\/wp\/v2\/posts\/3942\/revisions\/3943"}],"wp:featuredmedia":[{"embeddable":true,"href":"https:\/\/clubdeportivolazubia.com\/index.php?rest_route=\/wp\/v2\/media\/3940"}],"wp:attachment":[{"href":"https:\/\/clubdeportivolazubia.com\/index.php?rest_route=%2Fwp%2Fv2%2Fmedia&parent=3942"}],"wp:term":[{"taxonomy":"category","embeddable":true,"href":"https:\/\/clubdeportivolazubia.com\/index.php?rest_route=%2Fwp%2Fv2%2Fcategories&post=3942"},{"taxonomy":"post_tag","embeddable":true,"href":"https:\/\/clubdeportivolazubia.com\/index.php?rest_route=%2Fwp%2Fv2%2Ftags&post=3942"}],"curies":[{"name":"wp","href":"https:\/\/api.w.org\/{rel}","templated":true}]}}