
{"id":3906,"date":"2019-02-03T12:47:43","date_gmt":"2019-02-03T12:47:43","guid":{"rendered":"http:\/\/clubdeportivolazubia.com\/?p=3906"},"modified":"2019-02-03T12:47:43","modified_gmt":"2019-02-03T12:47:43","slug":"prueba-de-fondo-la-industrial-de-armilla-2","status":"publish","type":"post","link":"https:\/\/clubdeportivolazubia.com\/?p=3906","title":{"rendered":"Prueba de Fondo La Industrial de Armilla"},"content":{"rendered":"<h3>Los\/as atletas del Club Deportivo La Zubia participan en la Prueba de Fondo \u201cLa Industrial\u201d Armilla consiguiendo unos magn\u00edficos resultados.<\/h3>\n<p><!--more--><\/p>\n<p>Los\/as atletas del Club Deportivo La Zubia han participado en la Prueba de Fondo \u201cLa Industrial\u201d Armilla celebrada hoy domingo d\u00eda 3 de febrero.&nbsp;<span id=\"more-3386\"><\/span><span id=\"more-3313\"><\/span><\/p>\n<p>Han conseguido unos magn\u00edficos resultados, destacando los primeros puestos conseguidos por Antonio Fern\u00e1ndez del Paso y Carmen Mingorance Garc\u00eda ambos en categor\u00eda Veteranos\/as E, el segundo puesto de Manuel Reyes Ruiz en la categor\u00eda de Veteranos H y el tercer puesto de Esther Gonz\u00e1lez Castell\u00f3n en categor\u00eda de Veterana E.<\/p>\n<p><img decoding=\"async\" loading=\"lazy\" class=\"aligncenter  wp-image-3911\" src=\"https:\/\/clubdeportivolazubia.com\/wp-content\/uploads\/2019\/02\/IMG_5340.jpg\" alt=\"\" width=\"604\" height=\"404\" srcset=\"https:\/\/clubdeportivolazubia.com\/wp-content\/uploads\/2019\/02\/IMG_5340.jpg 5216w, https:\/\/clubdeportivolazubia.com\/wp-content\/uploads\/2019\/02\/IMG_5340-300x201.jpg 300w, https:\/\/clubdeportivolazubia.com\/wp-content\/uploads\/2019\/02\/IMG_5340-768x514.jpg 768w, https:\/\/clubdeportivolazubia.com\/wp-content\/uploads\/2019\/02\/IMG_5340-1024x685.jpg 1024w\" sizes=\"(max-width: 604px) 100vw, 604px\" \/><\/p>\n<p>El resto de los atletas concluyeron en los siguientes puestos:<span class=\"text_exposed_show\"><br \/>\n<\/span><\/p>\n<div class=\"\" data-block=\"true\" data-editor=\"bncli\" data-offset-key=\"6jlfl-0-0\">\n<div class=\"_1mf _1mj\" data-offset-key=\"6jlfl-0-0\"><span data-offset-key=\"6jlfl-0-0\">\u2013 Jose Miguel Rodr\u00edguez Cruz 14\u00ba Senior.<\/span><\/div>\n<div data-offset-key=\"6jlfl-0-0\">&#8211; Francisco Borrego Alcalde 8\u00ba Veteranos D.<\/div>\n<div data-offset-key=\"6jlfl-0-0\">&#8211; Manuel Escalona Y\u00e1\u00f1ez 30\u00ba Veteranos B.<\/div>\n<div class=\"_1mf _1mj\" data-offset-key=\"6jlfl-0-0\"><span data-offset-key=\"6jlfl-0-0\">&#8211; Carlos Manuel Dieguez Baena 15\u00b0 Veteranos D.<\/span><\/div>\n<\/div>\n<div class=\"\" data-block=\"true\" data-editor=\"bncli\" data-offset-key=\"7qd5l-0-0\">\n<div class=\"_1mf _1mj\" data-offset-key=\"7qd5l-0-0\"><span data-offset-key=\"7qd5l-0-0\">\u2013 Alejandro Molina Gervilla 86\u00ba Veteranos B.<\/span><\/div>\n<\/div>\n<div class=\"\" data-block=\"true\" data-editor=\"bncli\" data-offset-key=\"8mbn6-0-0\">\n<div class=\"_1mf _1mj\" data-offset-key=\"8mbn6-0-0\"><span data-offset-key=\"8mbn6-0-0\">\u2013 Mois\u00e9s Ia\u00f1ez Diez 11\u00ba Veteranos E.<\/span><\/div>\n<\/div>\n<div class=\"\" data-block=\"true\" data-editor=\"bncli\" data-offset-key=\"26uk1-0-0\">\n<div class=\"_1mf _1mj\" data-offset-key=\"26uk1-0-0\"><span data-offset-key=\"26uk1-0-0\">\u2013 Jos\u00e9 \u00c1lvarez Molina 93\u00ba Veteranos D.<\/span><\/div>\n<\/div>\n<div class=\"\" data-block=\"true\" data-editor=\"bncli\" data-offset-key=\"e67mk-0-0\">\n<div class=\"_1mf _1mj\" data-offset-key=\"e67mk-0-0\"><span data-offset-key=\"e67mk-0-0\">\u2013 Eduardo Gonz\u00e1lez Aurioles Hita 66\u00ba Veteranos E.<\/span><\/div>\n<div data-offset-key=\"e67mk-0-0\">&#8211; Silvia Coca Cantero 33\u00aa Senior.<\/div>\n<div data-offset-key=\"e67mk-0-0\">&nbsp;<\/div>\n<\/div>\n<div data-offset-key=\"e67mk-0-0\"><a href=\"https:\/\/photos.google.com\/share\/AF1QipPBpDeLYOm2RecYpgQ4pAjanHmLq0n-f9LD7MuOPXORb6Wf13RvW47PZQWgTweaZg?key=aWdmLTY3Q1pYd2taLS1mbVZxQ2UyZHQwcmMyWUNB\">FOTOS<\/a><\/div>\n<div data-offset-key=\"e67mk-0-0\"><a href=\"https:\/\/www.cruzandolameta.es\/clasificaciones\/v2\/xxxi-prueba-de-fondo-la-industrial-de-armilla---861\/#clasificaciones\">RESULTADOS<\/a><\/div>\n<div data-offset-key=\"e67mk-0-0\">&nbsp;<\/div>\n<div data-offset-key=\"e67mk-0-0\">\n<hr>\n<\/div>\n","protected":false},"excerpt":{"rendered":"<p>Los\/as atletas del Club Deportivo La Zubia participan en la Prueba de Fondo \u201cLa Industrial\u201d Armilla consiguiendo unos magn\u00edficos resultados.<\/p>\n","protected":false},"author":1,"featured_media":3911,"comment_status":"open","ping_status":"open","sticky":false,"template":"","format":"image","meta":{"footnotes":""},"categories":[1],"tags":[],"_links":{"self":[{"href":"https:\/\/clubdeportivolazubia.com\/index.php?rest_route=\/wp\/v2\/posts\/3906"}],"collection":[{"href":"https:\/\/clubdeportivolazubia.com\/index.php?rest_route=\/wp\/v2\/posts"}],"about":[{"href":"https:\/\/clubdeportivolazubia.com\/index.php?rest_route=\/wp\/v2\/types\/post"}],"author":[{"embeddable":true,"href":"https:\/\/clubdeportivolazubia.com\/index.php?rest_route=\/wp\/v2\/users\/1"}],"replies":[{"embeddable":true,"href":"https:\/\/clubdeportivolazubia.com\/index.php?rest_route=%2Fwp%2Fv2%2Fcomments&post=3906"}],"version-history":[{"count":4,"href":"https:\/\/clubdeportivolazubia.com\/index.php?rest_route=\/wp\/v2\/posts\/3906\/revisions"}],"predecessor-version":[{"id":3912,"href":"https:\/\/clubdeportivolazubia.com\/index.php?rest_route=\/wp\/v2\/posts\/3906\/revisions\/3912"}],"wp:featuredmedia":[{"embeddable":true,"href":"https:\/\/clubdeportivolazubia.com\/index.php?rest_route=\/wp\/v2\/media\/3911"}],"wp:attachment":[{"href":"https:\/\/clubdeportivolazubia.com\/index.php?rest_route=%2Fwp%2Fv2%2Fmedia&parent=3906"}],"wp:term":[{"taxonomy":"category","embeddable":true,"href":"https:\/\/clubdeportivolazubia.com\/index.php?rest_route=%2Fwp%2Fv2%2Fcategories&post=3906"},{"taxonomy":"post_tag","embeddable":true,"href":"https:\/\/clubdeportivolazubia.com\/index.php?rest_route=%2Fwp%2Fv2%2Ftags&post=3906"}],"curies":[{"name":"wp","href":"https:\/\/api.w.org\/{rel}","templated":true}]}}