
{"id":3792,"date":"2019-01-21T21:17:32","date_gmt":"2019-01-21T21:17:32","guid":{"rendered":"http:\/\/clubdeportivolazubia.com\/?p=3792"},"modified":"2019-01-21T21:17:32","modified_gmt":"2019-01-21T21:17:32","slug":"i-carrera-solidaria-de-la-policia-nacional-de-granada-ruta-091","status":"publish","type":"post","link":"https:\/\/clubdeportivolazubia.com\/?p=3792","title":{"rendered":"I Carrera Solidaria de la Polic\u00eda Nacional de Granada \u2018Ruta 091\u2019"},"content":{"rendered":"<h3>David Jim\u00e9nez Carretero, Mar\u00eda Jes\u00fas Y\u00e1\u00f1ez Polo y Carmen Fern\u00e1ndez Fern\u00e1ndez del Club Deportivo La Zubia participan en la Carrera Solidaria de la Polic\u00eda Nacional de Granada \u2018Ruta 091\u2019.<\/h3>\n<p><!--more--><\/p>\n<p>El domingo 20 de enero se celebro la I Carrera Solidaria de la Polic\u00eda Nacional de Granada \u00abRuta 091\u00bb, donde participaron tres de nuestros atletas.<\/p>\n<p>David Jim\u00e9nez Carretero 5\u00ba en categor\u00eda Absoluta.<\/p>\n<p>Mar\u00eda Jes\u00fas Y\u00e1nez Polo 12\u00aa en categor\u00eda Absoluta.&nbsp;<\/p>\n<p>Carmen Fern\u00e1ndez Fern\u00e1ndez 1\u00aa en categor\u00eda Pre-benjam\u00edn.<\/p>\n<p><img decoding=\"async\" loading=\"lazy\" class=\"aligncenter  wp-image-3795\" src=\"https:\/\/clubdeportivolazubia.com\/wp-content\/uploads\/2019\/01\/vvv.jpg\" alt=\"\" width=\"716\" height=\"468\" srcset=\"https:\/\/clubdeportivolazubia.com\/wp-content\/uploads\/2019\/01\/vvv.jpg 837w, https:\/\/clubdeportivolazubia.com\/wp-content\/uploads\/2019\/01\/vvv-300x196.jpg 300w, https:\/\/clubdeportivolazubia.com\/wp-content\/uploads\/2019\/01\/vvv-768x502.jpg 768w\" sizes=\"(max-width: 716px) 100vw, 716px\" \/><\/p>\n<p><img decoding=\"async\" loading=\"lazy\" class=\"aligncenter size-full wp-image-3793\" src=\"https:\/\/clubdeportivolazubia.com\/wp-content\/uploads\/2019\/01\/Sin-t\u00edtulo.jpg\" alt=\"\" width=\"723\" height=\"520\" srcset=\"https:\/\/clubdeportivolazubia.com\/wp-content\/uploads\/2019\/01\/Sin-t\u00edtulo.jpg 723w, https:\/\/clubdeportivolazubia.com\/wp-content\/uploads\/2019\/01\/Sin-t\u00edtulo-300x216.jpg 300w\" sizes=\"(max-width: 723px) 100vw, 723px\" \/><\/p>\n<p><img decoding=\"async\" loading=\"lazy\" class=\"aligncenter  wp-image-3794\" src=\"https:\/\/clubdeportivolazubia.com\/wp-content\/uploads\/2019\/01\/50263893_531834630658950_9160051488628670464_n.jpg\" alt=\"\" width=\"721\" height=\"541\" srcset=\"https:\/\/clubdeportivolazubia.com\/wp-content\/uploads\/2019\/01\/50263893_531834630658950_9160051488628670464_n.jpg 960w, https:\/\/clubdeportivolazubia.com\/wp-content\/uploads\/2019\/01\/50263893_531834630658950_9160051488628670464_n-300x225.jpg 300w, https:\/\/clubdeportivolazubia.com\/wp-content\/uploads\/2019\/01\/50263893_531834630658950_9160051488628670464_n-768x576.jpg 768w\" sizes=\"(max-width: 721px) 100vw, 721px\" \/><\/p>\n<p>&nbsp;<\/p>\n<hr>\n<p>&nbsp;<\/p>\n","protected":false},"excerpt":{"rendered":"<p>David Jim\u00e9nez Carretero, Mar\u00eda Jes\u00fas Y\u00e1\u00f1ez Polo y Carmen Fern\u00e1ndez Fern\u00e1ndez del Club Deportivo La Zubia participan en la Carrera Solidaria de la Polic\u00eda Nacional de Granada \u2018Ruta 091\u2019.<\/p>\n","protected":false},"author":1,"featured_media":3794,"comment_status":"open","ping_status":"open","sticky":false,"template":"","format":"image","meta":{"footnotes":""},"categories":[1],"tags":[],"_links":{"self":[{"href":"https:\/\/clubdeportivolazubia.com\/index.php?rest_route=\/wp\/v2\/posts\/3792"}],"collection":[{"href":"https:\/\/clubdeportivolazubia.com\/index.php?rest_route=\/wp\/v2\/posts"}],"about":[{"href":"https:\/\/clubdeportivolazubia.com\/index.php?rest_route=\/wp\/v2\/types\/post"}],"author":[{"embeddable":true,"href":"https:\/\/clubdeportivolazubia.com\/index.php?rest_route=\/wp\/v2\/users\/1"}],"replies":[{"embeddable":true,"href":"https:\/\/clubdeportivolazubia.com\/index.php?rest_route=%2Fwp%2Fv2%2Fcomments&post=3792"}],"version-history":[{"count":1,"href":"https:\/\/clubdeportivolazubia.com\/index.php?rest_route=\/wp\/v2\/posts\/3792\/revisions"}],"predecessor-version":[{"id":3796,"href":"https:\/\/clubdeportivolazubia.com\/index.php?rest_route=\/wp\/v2\/posts\/3792\/revisions\/3796"}],"wp:featuredmedia":[{"embeddable":true,"href":"https:\/\/clubdeportivolazubia.com\/index.php?rest_route=\/wp\/v2\/media\/3794"}],"wp:attachment":[{"href":"https:\/\/clubdeportivolazubia.com\/index.php?rest_route=%2Fwp%2Fv2%2Fmedia&parent=3792"}],"wp:term":[{"taxonomy":"category","embeddable":true,"href":"https:\/\/clubdeportivolazubia.com\/index.php?rest_route=%2Fwp%2Fv2%2Fcategories&post=3792"},{"taxonomy":"post_tag","embeddable":true,"href":"https:\/\/clubdeportivolazubia.com\/index.php?rest_route=%2Fwp%2Fv2%2Ftags&post=3792"}],"curies":[{"name":"wp","href":"https:\/\/api.w.org\/{rel}","templated":true}]}}