
{"id":3772,"date":"2018-12-30T12:34:58","date_gmt":"2018-12-30T12:34:58","guid":{"rendered":"http:\/\/clubdeportivolazubia.com\/?p=3772"},"modified":"2019-01-02T12:53:26","modified_gmt":"2019-01-02T12:53:26","slug":"carrera-nocturna-ciudad-de-las-gabias","status":"publish","type":"post","link":"https:\/\/clubdeportivolazubia.com\/?p=3772","title":{"rendered":"Carrera Nocturna \u00abCiudad de Las Gabias\u00bb"},"content":{"rendered":"<h3>Mar\u00eda Reyes Ariza y Juan Manuel S\u00e1nchez Mart\u00edn del Club Deportivo La Zubia hacen puestos de podium el la Carrera Nocturna Ciudad de Las Gabias.<\/h3>\n<p><!--more--><\/p>\n<p>El viernes 28 de Diciembre se celebro la Carrera Nocturna Ciudad de Las Gabias, donde participaron dos de nuestros atletas.<\/p>\n<p>Mar\u00eda Reyes Ariza 1\u00aa en categor\u00eda Sub\u00b416.<\/p>\n<p>Juan Manuel S\u00e1nchez Mart\u00edn 2\u00ba en categor\u00eda Sub\u00b414.&nbsp;<\/p>\n<p><a href=\"http:\/\/www.global-tempo.com\/carreras.php?id=970\">RESULTADOS<\/a><\/p>\n<p><img decoding=\"async\" loading=\"lazy\" class=\"aligncenter  wp-image-3774\" src=\"https:\/\/clubdeportivolazubia.com\/wp-content\/uploads\/2019\/01\/49312012_355755431917538_7954493214189158400_n.jpg\" alt=\"\" width=\"599\" height=\"450\" srcset=\"https:\/\/clubdeportivolazubia.com\/wp-content\/uploads\/2019\/01\/49312012_355755431917538_7954493214189158400_n.jpg 960w, https:\/\/clubdeportivolazubia.com\/wp-content\/uploads\/2019\/01\/49312012_355755431917538_7954493214189158400_n-300x225.jpg 300w, https:\/\/clubdeportivolazubia.com\/wp-content\/uploads\/2019\/01\/49312012_355755431917538_7954493214189158400_n-768x576.jpg 768w\" sizes=\"(max-width: 599px) 100vw, 599px\" \/><\/p>\n<p><img decoding=\"async\" loading=\"lazy\" class=\"aligncenter wp-image-3775\" src=\"https:\/\/clubdeportivolazubia.com\/wp-content\/uploads\/2019\/01\/49175711_1963141613988108_5957316533737750528_n.jpg\" alt=\"\" width=\"597\" height=\"796\" srcset=\"https:\/\/clubdeportivolazubia.com\/wp-content\/uploads\/2019\/01\/49175711_1963141613988108_5957316533737750528_n.jpg 720w, https:\/\/clubdeportivolazubia.com\/wp-content\/uploads\/2019\/01\/49175711_1963141613988108_5957316533737750528_n-225x300.jpg 225w\" sizes=\"(max-width: 597px) 100vw, 597px\" \/><\/p>\n<p>&nbsp;<\/p>\n<hr>\n<p>&nbsp;<\/p>\n","protected":false},"excerpt":{"rendered":"<p>Mar\u00eda Reyes Ariza y Juan Manuel S\u00e1nchez Mart\u00edn del Club Deportivo La Zubia hacen puestos de podium el la Carrera Nocturna Ciudad de Las Gabias.<\/p>\n","protected":false},"author":1,"featured_media":3773,"comment_status":"open","ping_status":"open","sticky":false,"template":"","format":"image","meta":{"footnotes":""},"categories":[1],"tags":[],"_links":{"self":[{"href":"https:\/\/clubdeportivolazubia.com\/index.php?rest_route=\/wp\/v2\/posts\/3772"}],"collection":[{"href":"https:\/\/clubdeportivolazubia.com\/index.php?rest_route=\/wp\/v2\/posts"}],"about":[{"href":"https:\/\/clubdeportivolazubia.com\/index.php?rest_route=\/wp\/v2\/types\/post"}],"author":[{"embeddable":true,"href":"https:\/\/clubdeportivolazubia.com\/index.php?rest_route=\/wp\/v2\/users\/1"}],"replies":[{"embeddable":true,"href":"https:\/\/clubdeportivolazubia.com\/index.php?rest_route=%2Fwp%2Fv2%2Fcomments&post=3772"}],"version-history":[{"count":1,"href":"https:\/\/clubdeportivolazubia.com\/index.php?rest_route=\/wp\/v2\/posts\/3772\/revisions"}],"predecessor-version":[{"id":3776,"href":"https:\/\/clubdeportivolazubia.com\/index.php?rest_route=\/wp\/v2\/posts\/3772\/revisions\/3776"}],"wp:featuredmedia":[{"embeddable":true,"href":"https:\/\/clubdeportivolazubia.com\/index.php?rest_route=\/wp\/v2\/media\/3773"}],"wp:attachment":[{"href":"https:\/\/clubdeportivolazubia.com\/index.php?rest_route=%2Fwp%2Fv2%2Fmedia&parent=3772"}],"wp:term":[{"taxonomy":"category","embeddable":true,"href":"https:\/\/clubdeportivolazubia.com\/index.php?rest_route=%2Fwp%2Fv2%2Fcategories&post=3772"},{"taxonomy":"post_tag","embeddable":true,"href":"https:\/\/clubdeportivolazubia.com\/index.php?rest_route=%2Fwp%2Fv2%2Ftags&post=3772"}],"curies":[{"name":"wp","href":"https:\/\/api.w.org\/{rel}","templated":true}]}}