
{"id":3751,"date":"2018-12-21T13:16:41","date_gmt":"2018-12-21T13:16:41","guid":{"rendered":"http:\/\/clubdeportivolazubia.com\/?p=3751"},"modified":"2018-12-21T13:16:41","modified_gmt":"2018-12-21T13:16:41","slug":"libres-vivas-y-corriendo-sin-miedo","status":"publish","type":"post","link":"https:\/\/clubdeportivolazubia.com\/?p=3751","title":{"rendered":"Libres, Vivas y Corriendo sin Miedo"},"content":{"rendered":"<p><span style=\"font-size: 12.0pt; font-family: Consolas; color: #212121;\">Ma\u00f1ana s\u00e1bado a las 12.00, cita para marchar y\/o correr solas, libres y sin miedo.<\/span><!--more--><\/p>\n<p><span style=\"font-size: 12.0pt; font-family: Consolas; color: #212121;\">A trav\u00e9s de las redes sociales se est\u00e1 convocando una quedada para ma\u00f1ana s\u00e1bado 22 de diciembre a las 12.00 h. El objetivo de la misma es hacer un recorrido marchando y\/o trotando con el lema \u201cLibres, vivas y corriendo sin miedo, por un Mundo sin violencia contra las Mujeres\u201d, en recuerdo a Laura Luelmo y de todas las mujeres asesinadas y para evitar que sucesos como el de la profesora zamorana vuelvan a darse.<\/span><\/p>\n<p><span style=\"font-size: 12.0pt; font-family: Consolas; color: #212121;\">La concentraci\u00f3n y salida ser\u00e1 en el Centro de Igualdad de La Zubia. Desde ah\u00ed partir\u00e1n todas las personas que lo deseen y la llegada sera en el Parque de la Encina donde se leer\u00e1 un manifiesto y se llevar\u00e1 a cabo una soltada de globos en memoria de todas las victimas de violencia de genero. <\/span><\/p>\n<p><span style=\"font-size: 12.0pt; font-family: Consolas; color: #212121;\">Te esperamos y dif\u00fandelo!!!<\/span><\/p>\n<p><img decoding=\"async\" loading=\"lazy\" class=\"aligncenter size-full wp-image-3752\" src=\"https:\/\/clubdeportivolazubia.com\/wp-content\/uploads\/2018\/12\/carrera-laura2136.jpg\" alt=\"\" width=\"678\" height=\"960\" srcset=\"https:\/\/clubdeportivolazubia.com\/wp-content\/uploads\/2018\/12\/carrera-laura2136.jpg 678w, https:\/\/clubdeportivolazubia.com\/wp-content\/uploads\/2018\/12\/carrera-laura2136-212x300.jpg 212w\" sizes=\"(max-width: 678px) 100vw, 678px\" \/><\/p>\n<hr>\n<p>&nbsp;<\/p>\n","protected":false},"excerpt":{"rendered":"<p>Ma\u00f1ana s\u00e1bado a las 12.00, cita para marchar y\/o correr solas, libres y sin miedo.<\/p>\n","protected":false},"author":1,"featured_media":3752,"comment_status":"open","ping_status":"open","sticky":false,"template":"","format":"image","meta":{"footnotes":""},"categories":[1],"tags":[],"_links":{"self":[{"href":"https:\/\/clubdeportivolazubia.com\/index.php?rest_route=\/wp\/v2\/posts\/3751"}],"collection":[{"href":"https:\/\/clubdeportivolazubia.com\/index.php?rest_route=\/wp\/v2\/posts"}],"about":[{"href":"https:\/\/clubdeportivolazubia.com\/index.php?rest_route=\/wp\/v2\/types\/post"}],"author":[{"embeddable":true,"href":"https:\/\/clubdeportivolazubia.com\/index.php?rest_route=\/wp\/v2\/users\/1"}],"replies":[{"embeddable":true,"href":"https:\/\/clubdeportivolazubia.com\/index.php?rest_route=%2Fwp%2Fv2%2Fcomments&post=3751"}],"version-history":[{"count":1,"href":"https:\/\/clubdeportivolazubia.com\/index.php?rest_route=\/wp\/v2\/posts\/3751\/revisions"}],"predecessor-version":[{"id":3753,"href":"https:\/\/clubdeportivolazubia.com\/index.php?rest_route=\/wp\/v2\/posts\/3751\/revisions\/3753"}],"wp:featuredmedia":[{"embeddable":true,"href":"https:\/\/clubdeportivolazubia.com\/index.php?rest_route=\/wp\/v2\/media\/3752"}],"wp:attachment":[{"href":"https:\/\/clubdeportivolazubia.com\/index.php?rest_route=%2Fwp%2Fv2%2Fmedia&parent=3751"}],"wp:term":[{"taxonomy":"category","embeddable":true,"href":"https:\/\/clubdeportivolazubia.com\/index.php?rest_route=%2Fwp%2Fv2%2Fcategories&post=3751"},{"taxonomy":"post_tag","embeddable":true,"href":"https:\/\/clubdeportivolazubia.com\/index.php?rest_route=%2Fwp%2Fv2%2Ftags&post=3751"}],"curies":[{"name":"wp","href":"https:\/\/api.w.org\/{rel}","templated":true}]}}