
{"id":3718,"date":"2018-11-27T11:08:10","date_gmt":"2018-11-27T11:08:10","guid":{"rendered":"http:\/\/clubdeportivolazubia.com\/?p=3718"},"modified":"2018-12-03T11:23:22","modified_gmt":"2018-12-03T11:23:22","slug":"media-maraton-de-cordoba","status":"publish","type":"post","link":"https:\/\/clubdeportivolazubia.com\/?p=3718","title":{"rendered":"Media Marat\u00f3n de C\u00f3rdoba"},"content":{"rendered":"<h3>Los\/as atletas del Club Deportivo La Zubia participaron en la Media Marat\u00f3n de C\u00f3rdoba.<\/h3>\n<p><!--more--><\/p>\n<p>Los\/as atletas del Club Deportivo La Zubia han participaron en la Media Marat\u00f3n de C\u00f3rdoba&nbsp;que tuvo lugar el pasado domingo 25 noviembre , se celebr\u00f3 con unas condiciones atmosfericas muy adversas (lluvia, viento\u2026).<\/p>\n<p><img decoding=\"async\" loading=\"lazy\" class=\"aligncenter  wp-image-3719\" src=\"https:\/\/clubdeportivolazubia.com\/wp-content\/uploads\/2018\/12\/46922969_499763383868907_9204140865520402432_n.jpg\" alt=\"\" width=\"471\" height=\"628\" srcset=\"https:\/\/clubdeportivolazubia.com\/wp-content\/uploads\/2018\/12\/46922969_499763383868907_9204140865520402432_n.jpg 1200w, https:\/\/clubdeportivolazubia.com\/wp-content\/uploads\/2018\/12\/46922969_499763383868907_9204140865520402432_n-225x300.jpg 225w, https:\/\/clubdeportivolazubia.com\/wp-content\/uploads\/2018\/12\/46922969_499763383868907_9204140865520402432_n-768x1024.jpg 768w\" sizes=\"(max-width: 471px) 100vw, 471px\" \/><\/p>\n<p>El resultado de los nuestros atletas fueron:<\/p>\n<p>\u2013&nbsp;Manuel Escalona Ya\u00f1ez 70\u00ba Veterano A con 1h23\u00b414&#8243; (MMP).<\/p>\n<p>\u2013 Antonio Fern\u00e1ndez de Paso 34\u00ba Veteranos C con 1h28\u00b432.<\/p>\n<p>\u2013&nbsp;Abdul Loonsri Maher 38\u00b0 Veteranos C con 1h29\u00b420.<\/p>\n<p>\u2013&nbsp; Carlos Manuel Dieguez Baena 55\u00ba Veteranos C con 1h31\u00b414&#8243;.<span class=\"text_exposed_show\"><br \/>\n<\/span><\/p>\n<p><span class=\"text_exposed_show\">\u2013&nbsp; Moises Ia\u00f1ez Diez 48\u00ba Veteranos D con 1h39\u00b429&#8243;.<\/span><\/p>\n<p><a href=\"http:\/\/www.mediamaratoncordoba.com\/mdc-resultados-2018\">RESULTADOS<\/a><\/p>\n<hr>\n<p>&nbsp;<\/p>\n","protected":false},"excerpt":{"rendered":"<p>Los\/as atletas del Club Deportivo La Zubia participaron en la Media Marat\u00f3n de C\u00f3rdoba.<\/p>\n","protected":false},"author":1,"featured_media":3719,"comment_status":"open","ping_status":"open","sticky":false,"template":"","format":"image","meta":{"footnotes":""},"categories":[1],"tags":[],"_links":{"self":[{"href":"https:\/\/clubdeportivolazubia.com\/index.php?rest_route=\/wp\/v2\/posts\/3718"}],"collection":[{"href":"https:\/\/clubdeportivolazubia.com\/index.php?rest_route=\/wp\/v2\/posts"}],"about":[{"href":"https:\/\/clubdeportivolazubia.com\/index.php?rest_route=\/wp\/v2\/types\/post"}],"author":[{"embeddable":true,"href":"https:\/\/clubdeportivolazubia.com\/index.php?rest_route=\/wp\/v2\/users\/1"}],"replies":[{"embeddable":true,"href":"https:\/\/clubdeportivolazubia.com\/index.php?rest_route=%2Fwp%2Fv2%2Fcomments&post=3718"}],"version-history":[{"count":1,"href":"https:\/\/clubdeportivolazubia.com\/index.php?rest_route=\/wp\/v2\/posts\/3718\/revisions"}],"predecessor-version":[{"id":3720,"href":"https:\/\/clubdeportivolazubia.com\/index.php?rest_route=\/wp\/v2\/posts\/3718\/revisions\/3720"}],"wp:featuredmedia":[{"embeddable":true,"href":"https:\/\/clubdeportivolazubia.com\/index.php?rest_route=\/wp\/v2\/media\/3719"}],"wp:attachment":[{"href":"https:\/\/clubdeportivolazubia.com\/index.php?rest_route=%2Fwp%2Fv2%2Fmedia&parent=3718"}],"wp:term":[{"taxonomy":"category","embeddable":true,"href":"https:\/\/clubdeportivolazubia.com\/index.php?rest_route=%2Fwp%2Fv2%2Fcategories&post=3718"},{"taxonomy":"post_tag","embeddable":true,"href":"https:\/\/clubdeportivolazubia.com\/index.php?rest_route=%2Fwp%2Fv2%2Ftags&post=3718"}],"curies":[{"name":"wp","href":"https:\/\/api.w.org\/{rel}","templated":true}]}}