
{"id":3619,"date":"2018-11-14T11:49:48","date_gmt":"2018-11-14T11:49:48","guid":{"rendered":"http:\/\/clubdeportivolazubia.com\/?p=3619"},"modified":"2018-11-14T11:49:48","modified_gmt":"2018-11-14T11:49:48","slug":"i-carrera-solidaria-por-la-igualdad-santa-fe","status":"publish","type":"post","link":"https:\/\/clubdeportivolazubia.com\/?p=3619","title":{"rendered":"I Carrera Solidaria por la Igualdad &#8211; Santa Fe"},"content":{"rendered":"<h3>Ester Fern\u00e1ndez Baz\u00e1n, Enrique Molina Vargas y David Jim\u00e9nez Carretero del Club Deportivo La Zubia hacen puestos de podium el la I Carrera Solidaria por la Igualdad celebrada en Santa Fe.<\/h3>\n<p><!--more--><\/p>\n<p>El sindicato CSIF Granada, en colaboraci\u00f3n con el Ayuntamiento de Santa Fe (Granada), organizo la&nbsp;I Carrera Solidaria por la Igualdad \u201c5 kil\u00f3metros 5 causas\u201d&nbsp;que tuvo lugar el domingo 11 de noviembre.<\/p>\n<p>Tuvimos representaci\u00f3n de tres atletas del Club Deportivo La Zubia que consiguieron unos magn\u00edficos resultados;<\/p>\n<p>Ester Fern\u00e1ndez Baz\u00e1n campeona absoluta en categor\u00eda femenina.<\/p>\n<p>Enrique Molina Vargas segundo absoluto y 1\u00ba en categor\u00eda veteranos B.<\/p>\n<p>David Jimenez Carretero 3\u00ba en categor\u00eda senior.&nbsp;<\/p>\n<p><a href=\"https:\/\/www.cruzandolameta.es\/clasificaciones\/v2\/i-carrera-solidaria-por-la-igualdad---682\/#clasificaciones\">RESULTADOS<\/a><\/p>\n<p><a href=\"https:\/\/photos.app.goo.gl\/X7H6ehH8AjHaLKDE7\">FOTOS<\/a><\/p>\n<p><img decoding=\"async\" loading=\"lazy\" class=\"aligncenter  wp-image-3623\" src=\"https:\/\/clubdeportivolazubia.com\/wp-content\/uploads\/2018\/11\/IMG_0906-e1542195569373.jpg\" alt=\"\" width=\"658\" height=\"494\" srcset=\"https:\/\/clubdeportivolazubia.com\/wp-content\/uploads\/2018\/11\/IMG_0906-e1542195569373.jpg 3923w, https:\/\/clubdeportivolazubia.com\/wp-content\/uploads\/2018\/11\/IMG_0906-e1542195569373-300x225.jpg 300w, https:\/\/clubdeportivolazubia.com\/wp-content\/uploads\/2018\/11\/IMG_0906-e1542195569373-768x577.jpg 768w, https:\/\/clubdeportivolazubia.com\/wp-content\/uploads\/2018\/11\/IMG_0906-e1542195569373-1024x769.jpg 1024w\" sizes=\"(max-width: 658px) 100vw, 658px\" \/><\/p>\n<p>&nbsp;<\/p>\n<p>&nbsp;<\/p>\n<hr>\n<p>&nbsp;<\/p>\n","protected":false},"excerpt":{"rendered":"<p>Ester Fern\u00e1ndez Baz\u00e1n, Enrique Molina Vargas y David Jim\u00e9nez Carretero del Club Deportivo La Zubia hacen puestos de podium el la I Carrera Solidaria por la Igualdad celebrada en Santa&hellip; <\/p>\n","protected":false},"author":1,"featured_media":3623,"comment_status":"open","ping_status":"open","sticky":false,"template":"","format":"image","meta":{"footnotes":""},"categories":[1],"tags":[],"_links":{"self":[{"href":"https:\/\/clubdeportivolazubia.com\/index.php?rest_route=\/wp\/v2\/posts\/3619"}],"collection":[{"href":"https:\/\/clubdeportivolazubia.com\/index.php?rest_route=\/wp\/v2\/posts"}],"about":[{"href":"https:\/\/clubdeportivolazubia.com\/index.php?rest_route=\/wp\/v2\/types\/post"}],"author":[{"embeddable":true,"href":"https:\/\/clubdeportivolazubia.com\/index.php?rest_route=\/wp\/v2\/users\/1"}],"replies":[{"embeddable":true,"href":"https:\/\/clubdeportivolazubia.com\/index.php?rest_route=%2Fwp%2Fv2%2Fcomments&post=3619"}],"version-history":[{"count":6,"href":"https:\/\/clubdeportivolazubia.com\/index.php?rest_route=\/wp\/v2\/posts\/3619\/revisions"}],"predecessor-version":[{"id":3626,"href":"https:\/\/clubdeportivolazubia.com\/index.php?rest_route=\/wp\/v2\/posts\/3619\/revisions\/3626"}],"wp:featuredmedia":[{"embeddable":true,"href":"https:\/\/clubdeportivolazubia.com\/index.php?rest_route=\/wp\/v2\/media\/3623"}],"wp:attachment":[{"href":"https:\/\/clubdeportivolazubia.com\/index.php?rest_route=%2Fwp%2Fv2%2Fmedia&parent=3619"}],"wp:term":[{"taxonomy":"category","embeddable":true,"href":"https:\/\/clubdeportivolazubia.com\/index.php?rest_route=%2Fwp%2Fv2%2Fcategories&post=3619"},{"taxonomy":"post_tag","embeddable":true,"href":"https:\/\/clubdeportivolazubia.com\/index.php?rest_route=%2Fwp%2Fv2%2Ftags&post=3619"}],"curies":[{"name":"wp","href":"https:\/\/api.w.org\/{rel}","templated":true}]}}