
{"id":3614,"date":"2018-11-13T21:27:54","date_gmt":"2018-11-13T21:27:54","guid":{"rendered":"http:\/\/clubdeportivolazubia.com\/?p=3614"},"modified":"2018-11-13T21:27:54","modified_gmt":"2018-11-13T21:27:54","slug":"campeonato-de-andalucia-de-orientacion-y-campo-a-traves-linares","status":"publish","type":"post","link":"https:\/\/clubdeportivolazubia.com\/?p=3614","title":{"rendered":"Campeonato de Andaluc\u00eda de Orientaci\u00f3n y Campo a Trav\u00e9s, Linares"},"content":{"rendered":"<h3>El atleta Jes\u00fas S\u00e1nchez \u00c1guila del Club Deportivo La Zubia, campe\u00f3n de Andaluc\u00eda junior en la modalidad de Campo a Trav\u00e9s.<!--more--><\/h3>\n<p>El pasado s\u00e1bado 10 de noviembre se celebr\u00f3 en Linares (Ja\u00e9n) el Campeonato de Andaluc\u00eda de Orientaci\u00f3n y Campo a trav\u00e9s de Personas con Discapacidad intelectual, organizado por Fanddi.<\/p>\n<p>El atleta del Club Deportivo La Zubia Jes\u00fas S\u00e1nchez \u00c1guila&nbsp; se hizo con el titulo de campe\u00f3n de Andaluc\u00eda junior de en la modalidad de campo a trav\u00e9s.<\/p>\n<p><img decoding=\"async\" loading=\"lazy\" class=\"aligncenter size-full wp-image-3615\" src=\"https:\/\/clubdeportivolazubia.com\/wp-content\/uploads\/2018\/11\/LogoLicious_20181112_223833.jpg\" alt=\"\" width=\"1388\" height=\"956\" srcset=\"https:\/\/clubdeportivolazubia.com\/wp-content\/uploads\/2018\/11\/LogoLicious_20181112_223833.jpg 1388w, https:\/\/clubdeportivolazubia.com\/wp-content\/uploads\/2018\/11\/LogoLicious_20181112_223833-300x207.jpg 300w, https:\/\/clubdeportivolazubia.com\/wp-content\/uploads\/2018\/11\/LogoLicious_20181112_223833-768x529.jpg 768w, https:\/\/clubdeportivolazubia.com\/wp-content\/uploads\/2018\/11\/LogoLicious_20181112_223833-1024x705.jpg 1024w\" sizes=\"(max-width: 1388px) 100vw, 1388px\" \/> <img decoding=\"async\" loading=\"lazy\" class=\"aligncenter size-full wp-image-3616\" src=\"https:\/\/clubdeportivolazubia.com\/wp-content\/uploads\/2018\/11\/LogoLicious_20181112_141148.jpg\" alt=\"\" width=\"512\" height=\"289\" srcset=\"https:\/\/clubdeportivolazubia.com\/wp-content\/uploads\/2018\/11\/LogoLicious_20181112_141148.jpg 512w, https:\/\/clubdeportivolazubia.com\/wp-content\/uploads\/2018\/11\/LogoLicious_20181112_141148-300x169.jpg 300w\" sizes=\"(max-width: 512px) 100vw, 512px\" \/>&nbsp;<\/p>\n<p>&nbsp;<\/p>\n<p>&nbsp;<\/p>\n","protected":false},"excerpt":{"rendered":"<p>El atleta Jes\u00fas S\u00e1nchez \u00c1guila del Club Deportivo La Zubia, campe\u00f3n de Andaluc\u00eda junior en la modalidad de Campo a Trav\u00e9s.<\/p>\n","protected":false},"author":1,"featured_media":3617,"comment_status":"open","ping_status":"open","sticky":false,"template":"","format":"image","meta":{"footnotes":""},"categories":[1],"tags":[],"_links":{"self":[{"href":"https:\/\/clubdeportivolazubia.com\/index.php?rest_route=\/wp\/v2\/posts\/3614"}],"collection":[{"href":"https:\/\/clubdeportivolazubia.com\/index.php?rest_route=\/wp\/v2\/posts"}],"about":[{"href":"https:\/\/clubdeportivolazubia.com\/index.php?rest_route=\/wp\/v2\/types\/post"}],"author":[{"embeddable":true,"href":"https:\/\/clubdeportivolazubia.com\/index.php?rest_route=\/wp\/v2\/users\/1"}],"replies":[{"embeddable":true,"href":"https:\/\/clubdeportivolazubia.com\/index.php?rest_route=%2Fwp%2Fv2%2Fcomments&post=3614"}],"version-history":[{"count":1,"href":"https:\/\/clubdeportivolazubia.com\/index.php?rest_route=\/wp\/v2\/posts\/3614\/revisions"}],"predecessor-version":[{"id":3618,"href":"https:\/\/clubdeportivolazubia.com\/index.php?rest_route=\/wp\/v2\/posts\/3614\/revisions\/3618"}],"wp:featuredmedia":[{"embeddable":true,"href":"https:\/\/clubdeportivolazubia.com\/index.php?rest_route=\/wp\/v2\/media\/3617"}],"wp:attachment":[{"href":"https:\/\/clubdeportivolazubia.com\/index.php?rest_route=%2Fwp%2Fv2%2Fmedia&parent=3614"}],"wp:term":[{"taxonomy":"category","embeddable":true,"href":"https:\/\/clubdeportivolazubia.com\/index.php?rest_route=%2Fwp%2Fv2%2Fcategories&post=3614"},{"taxonomy":"post_tag","embeddable":true,"href":"https:\/\/clubdeportivolazubia.com\/index.php?rest_route=%2Fwp%2Fv2%2Ftags&post=3614"}],"curies":[{"name":"wp","href":"https:\/\/api.w.org\/{rel}","templated":true}]}}