
{"id":3598,"date":"2018-11-05T08:08:47","date_gmt":"2018-11-05T08:08:47","guid":{"rendered":"http:\/\/clubdeportivolazubia.com\/?p=3598"},"modified":"2018-11-10T21:48:17","modified_gmt":"2018-11-10T21:48:17","slug":"xxvii-carrera-de-fondo-villa-de-cajar","status":"publish","type":"post","link":"https:\/\/clubdeportivolazubia.com\/?p=3598","title":{"rendered":"XXVII Carrera de Fondo \u00abVilla de Cajar\u00bb"},"content":{"rendered":"<h3>Los\/as atletas del Club Deportivo La Zubia consiguen mas&nbsp; de veinte puestos de podium en la XXVII Carrera de Fondo Villa de Cajar.<span id=\"more-2897\"><\/span><\/h3>\n<p><!--more--><\/p>\n<p>Magn\u00edfica la participaci\u00f3n y los resultados de los y las atletas del Club Deportivo La Zubia en esta nueva edici\u00f3n de la Carrera de Fondo Villa de Cajar celebrada ayer domingo 4 de noviembre.<\/p>\n<p>Destacar la <strong>gran participaci\u00f3n de atletas del Club Deportivo La Zubia<\/strong> desde la categor\u00eda Sub-8 (pre-benjam\u00edn) hasta M\u00e1ster (veterano), los <strong>mas de veinte puestos de podium<\/strong> conseguidos, el <strong>premio al club con m\u00e1s participantes<\/strong>, as\u00ed como el primer puesto&nbsp; de Ester Fenandez Bazan como <strong>ganadora absoluta femenina<\/strong>.<\/p>\n<p><img decoding=\"async\" loading=\"lazy\" class=\"aligncenter wp-image-3605\" src=\"https:\/\/clubdeportivolazubia.com\/wp-content\/uploads\/2018\/11\/IMG_0265.jpg\" alt=\"\" width=\"629\" height=\"419\" srcset=\"https:\/\/clubdeportivolazubia.com\/wp-content\/uploads\/2018\/11\/IMG_0265.jpg 5184w, https:\/\/clubdeportivolazubia.com\/wp-content\/uploads\/2018\/11\/IMG_0265-300x200.jpg 300w, https:\/\/clubdeportivolazubia.com\/wp-content\/uploads\/2018\/11\/IMG_0265-768x512.jpg 768w, https:\/\/clubdeportivolazubia.com\/wp-content\/uploads\/2018\/11\/IMG_0265-1024x683.jpg 1024w\" sizes=\"(max-width: 629px) 100vw, 629px\" \/><\/p>\n<p><a href=\"http:\/\/www.global-tempo.com\/carreras.php?id=951\">RESULTADOS<\/a><\/p>\n<p><a href=\"https:\/\/photos.app.goo.gl\/wjbizuSdYLKBbaG56\">FOTOS CARRERA ADULTOS, NI\u00d1OS\/AS Y PODIUM<\/a><\/p>\n<p>&nbsp;<\/p>\n<hr>\n<p>&nbsp;<\/p>\n","protected":false},"excerpt":{"rendered":"<p>Los\/as atletas del Club Deportivo La Zubia consiguen mas&nbsp; de veinte puestos de podium en la XXVII Carrera de Fondo Villa de Cajar.<\/p>\n","protected":false},"author":1,"featured_media":3604,"comment_status":"open","ping_status":"open","sticky":false,"template":"","format":"standard","meta":{"footnotes":""},"categories":[1],"tags":[],"_links":{"self":[{"href":"https:\/\/clubdeportivolazubia.com\/index.php?rest_route=\/wp\/v2\/posts\/3598"}],"collection":[{"href":"https:\/\/clubdeportivolazubia.com\/index.php?rest_route=\/wp\/v2\/posts"}],"about":[{"href":"https:\/\/clubdeportivolazubia.com\/index.php?rest_route=\/wp\/v2\/types\/post"}],"author":[{"embeddable":true,"href":"https:\/\/clubdeportivolazubia.com\/index.php?rest_route=\/wp\/v2\/users\/1"}],"replies":[{"embeddable":true,"href":"https:\/\/clubdeportivolazubia.com\/index.php?rest_route=%2Fwp%2Fv2%2Fcomments&post=3598"}],"version-history":[{"count":9,"href":"https:\/\/clubdeportivolazubia.com\/index.php?rest_route=\/wp\/v2\/posts\/3598\/revisions"}],"predecessor-version":[{"id":3612,"href":"https:\/\/clubdeportivolazubia.com\/index.php?rest_route=\/wp\/v2\/posts\/3598\/revisions\/3612"}],"wp:featuredmedia":[{"embeddable":true,"href":"https:\/\/clubdeportivolazubia.com\/index.php?rest_route=\/wp\/v2\/media\/3604"}],"wp:attachment":[{"href":"https:\/\/clubdeportivolazubia.com\/index.php?rest_route=%2Fwp%2Fv2%2Fmedia&parent=3598"}],"wp:term":[{"taxonomy":"category","embeddable":true,"href":"https:\/\/clubdeportivolazubia.com\/index.php?rest_route=%2Fwp%2Fv2%2Fcategories&post=3598"},{"taxonomy":"post_tag","embeddable":true,"href":"https:\/\/clubdeportivolazubia.com\/index.php?rest_route=%2Fwp%2Fv2%2Ftags&post=3598"}],"curies":[{"name":"wp","href":"https:\/\/api.w.org\/{rel}","templated":true}]}}