
{"id":3479,"date":"2018-09-18T16:05:39","date_gmt":"2018-09-18T16:05:39","guid":{"rendered":"http:\/\/clubdeportivolazubia.com\/?p=3479"},"modified":"2018-09-18T16:05:39","modified_gmt":"2018-09-18T16:05:39","slug":"carrera-popular-mentesa-bastia-la-guardia-de-jaen","status":"publish","type":"post","link":"https:\/\/clubdeportivolazubia.com\/?p=3479","title":{"rendered":"Carrera Popular Mentesa Bastia, La Guardia de Ja\u00e9n."},"content":{"rendered":"<h3>Ester Fern\u00e1ndez Baz\u00e1n del Club Deportivo La Zubia ha sido segunda absoluta de la Carrera Popular Mentesa Bastia celebrada en la Guardia de Ja\u00e9n.<\/h3>\n<p><!--more--><\/p>\n<p>La atleta del Club Deportivo la Zubia Ester Fernandez Bazan ha sido subcampeona absoluta femenina de la VII Carrera Popular Mentesa Bastia celebrada en La Guardia, Ja\u00e9n.<\/p>\n<p>La carrera que tuvo lugar el pasado s\u00e1bado 15 de septiembre, una tarde lluviosa y sobre un circuito de asfalto de 5.530 m.<\/p>\n<p><img decoding=\"async\" loading=\"lazy\" class=\"aligncenter  wp-image-3482\" src=\"https:\/\/clubdeportivolazubia.com\/wp-content\/uploads\/2018\/09\/IMG_6853-e1537286650720.jpg\" alt=\"\" width=\"563\" height=\"410\" srcset=\"https:\/\/clubdeportivolazubia.com\/wp-content\/uploads\/2018\/09\/IMG_6853-e1537286650720.jpg 3486w, https:\/\/clubdeportivolazubia.com\/wp-content\/uploads\/2018\/09\/IMG_6853-e1537286650720-300x219.jpg 300w, https:\/\/clubdeportivolazubia.com\/wp-content\/uploads\/2018\/09\/IMG_6853-e1537286650720-768x560.jpg 768w, https:\/\/clubdeportivolazubia.com\/wp-content\/uploads\/2018\/09\/IMG_6853-e1537286650720-1024x746.jpg 1024w\" sizes=\"(max-width: 563px) 100vw, 563px\" \/><\/p>\n<p><strong>PODIUM FEMENINO<\/strong><\/p>\n<p>1\u00aa Nazha Machorouh, 21\u00b428&#8243;, Unicaja Ja\u00e9n.<\/p>\n<p>2\u00aa&nbsp;Ester Fern\u00e1ndez Baz\u00e1n, 23\u201900\u201d, Club Deportivo La Zubia.<\/p>\n<p>3\u00aa Mar\u00eda Jos\u00e9 Roa Guzman, 25\u203344\u2033, Club Atletismo Huelma 2003.<\/p>\n<p><strong>PODIUM MASCULINO<\/strong><\/p>\n<p>1\u00ba Mounir Elouardi, 18\u201915\u201d, Unicaja Jaen.<\/p>\n<p>2\u00ba Alberto Casas Guzman, 18\u201944\u201d,&nbsp; CD Bikila Granada.<\/p>\n<p>3\u00ba Mohamed Larbi, 19\u201910\u201d, CD Surco Aventura.<\/p>\n<p><a href=\"http:\/\/deportime.com\/component\/phocadownload\/category\/30-clasificaciones-vii-carrera-popular-mentesa-bastia.html\">RESULTADOS COMPLETOS&nbsp;<\/a><\/p>\n<hr>\n<p>&nbsp;<\/p>\n","protected":false},"excerpt":{"rendered":"<p>Ester Fern\u00e1ndez Baz\u00e1n del Club Deportivo La Zubia ha sido segunda absoluta de la Carrera Popular Mentesa Bastia celebrada en la Guardia de Ja\u00e9n.<\/p>\n","protected":false},"author":1,"featured_media":3482,"comment_status":"open","ping_status":"open","sticky":false,"template":"","format":"image","meta":{"footnotes":""},"categories":[1],"tags":[],"_links":{"self":[{"href":"https:\/\/clubdeportivolazubia.com\/index.php?rest_route=\/wp\/v2\/posts\/3479"}],"collection":[{"href":"https:\/\/clubdeportivolazubia.com\/index.php?rest_route=\/wp\/v2\/posts"}],"about":[{"href":"https:\/\/clubdeportivolazubia.com\/index.php?rest_route=\/wp\/v2\/types\/post"}],"author":[{"embeddable":true,"href":"https:\/\/clubdeportivolazubia.com\/index.php?rest_route=\/wp\/v2\/users\/1"}],"replies":[{"embeddable":true,"href":"https:\/\/clubdeportivolazubia.com\/index.php?rest_route=%2Fwp%2Fv2%2Fcomments&post=3479"}],"version-history":[{"count":2,"href":"https:\/\/clubdeportivolazubia.com\/index.php?rest_route=\/wp\/v2\/posts\/3479\/revisions"}],"predecessor-version":[{"id":3483,"href":"https:\/\/clubdeportivolazubia.com\/index.php?rest_route=\/wp\/v2\/posts\/3479\/revisions\/3483"}],"wp:featuredmedia":[{"embeddable":true,"href":"https:\/\/clubdeportivolazubia.com\/index.php?rest_route=\/wp\/v2\/media\/3482"}],"wp:attachment":[{"href":"https:\/\/clubdeportivolazubia.com\/index.php?rest_route=%2Fwp%2Fv2%2Fmedia&parent=3479"}],"wp:term":[{"taxonomy":"category","embeddable":true,"href":"https:\/\/clubdeportivolazubia.com\/index.php?rest_route=%2Fwp%2Fv2%2Fcategories&post=3479"},{"taxonomy":"post_tag","embeddable":true,"href":"https:\/\/clubdeportivolazubia.com\/index.php?rest_route=%2Fwp%2Fv2%2Ftags&post=3479"}],"curies":[{"name":"wp","href":"https:\/\/api.w.org\/{rel}","templated":true}]}}