
{"id":3407,"date":"2018-07-02T08:10:58","date_gmt":"2018-07-02T08:10:58","guid":{"rendered":"http:\/\/clubdeportivolazubia.com\/?p=3407"},"modified":"2018-07-23T10:22:27","modified_gmt":"2018-07-23T10:22:27","slug":"carrera-popular-infantil-san-pedro-la-zubia-2","status":"publish","type":"post","link":"https:\/\/clubdeportivolazubia.com\/?p=3407","title":{"rendered":"Carrera Popular Infantil San Pedro, La Zubia."},"content":{"rendered":"<h3>Gran \u00e9xito de participaci\u00f3n en la Carrera Popular Infantil celebrada en el Barrio de San Pedro, La Zubia.<\/h3>\n<p><!--more--><\/p>\n<p>El pasado domingo d\u00eda 1 de julio el Club deportivo La Zubia y el \u00c1rea de Deportes del Ayuntamiento de La Zubia han organizado en colaboraci\u00f3n con la Comisi\u00f3n de Fiestas de San Pedro una nueva edici\u00f3n de la Carrera Popular Infantil San Pedro.<\/p>\n<p>Esta carrera infantil se viene celebrando desde hace varios a\u00f1os con el objeto de promocionar y acercar el deporte del atletismo a los vecinos\/as de nuestro municipio y cada a\u00f1o esta teniendo una mayor participaci\u00f3n.<\/p>\n<p>El recorrido ha sido por las calles del Barrio de San Pedro, estando situada la salida y meta en la Plaza de San Pedro.<\/p>\n<p><img decoding=\"async\" loading=\"lazy\" class=\"aligncenter size-full wp-image-3409\" src=\"https:\/\/clubdeportivolazubia.com\/wp-content\/uploads\/2018\/07\/IMG_4687-e1532341312195.jpg\" alt=\"\" width=\"3965\" height=\"2384\" srcset=\"https:\/\/clubdeportivolazubia.com\/wp-content\/uploads\/2018\/07\/IMG_4687-e1532341312195.jpg 3965w, https:\/\/clubdeportivolazubia.com\/wp-content\/uploads\/2018\/07\/IMG_4687-e1532341312195-300x180.jpg 300w, https:\/\/clubdeportivolazubia.com\/wp-content\/uploads\/2018\/07\/IMG_4687-e1532341312195-768x462.jpg 768w, https:\/\/clubdeportivolazubia.com\/wp-content\/uploads\/2018\/07\/IMG_4687-e1532341312195-1024x616.jpg 1024w\" sizes=\"(max-width: 3965px) 100vw, 3965px\" \/><\/p>\n<p>&nbsp;<\/p>\n","protected":false},"excerpt":{"rendered":"<p>Gran \u00e9xito de participaci\u00f3n en la Carrera Popular Infantil celebrada en el Barrio de San Pedro, La Zubia.<\/p>\n","protected":false},"author":1,"featured_media":3409,"comment_status":"open","ping_status":"open","sticky":false,"template":"","format":"image","meta":{"footnotes":""},"categories":[1],"tags":[],"_links":{"self":[{"href":"https:\/\/clubdeportivolazubia.com\/index.php?rest_route=\/wp\/v2\/posts\/3407"}],"collection":[{"href":"https:\/\/clubdeportivolazubia.com\/index.php?rest_route=\/wp\/v2\/posts"}],"about":[{"href":"https:\/\/clubdeportivolazubia.com\/index.php?rest_route=\/wp\/v2\/types\/post"}],"author":[{"embeddable":true,"href":"https:\/\/clubdeportivolazubia.com\/index.php?rest_route=\/wp\/v2\/users\/1"}],"replies":[{"embeddable":true,"href":"https:\/\/clubdeportivolazubia.com\/index.php?rest_route=%2Fwp%2Fv2%2Fcomments&post=3407"}],"version-history":[{"count":2,"href":"https:\/\/clubdeportivolazubia.com\/index.php?rest_route=\/wp\/v2\/posts\/3407\/revisions"}],"predecessor-version":[{"id":3410,"href":"https:\/\/clubdeportivolazubia.com\/index.php?rest_route=\/wp\/v2\/posts\/3407\/revisions\/3410"}],"wp:featuredmedia":[{"embeddable":true,"href":"https:\/\/clubdeportivolazubia.com\/index.php?rest_route=\/wp\/v2\/media\/3409"}],"wp:attachment":[{"href":"https:\/\/clubdeportivolazubia.com\/index.php?rest_route=%2Fwp%2Fv2%2Fmedia&parent=3407"}],"wp:term":[{"taxonomy":"category","embeddable":true,"href":"https:\/\/clubdeportivolazubia.com\/index.php?rest_route=%2Fwp%2Fv2%2Fcategories&post=3407"},{"taxonomy":"post_tag","embeddable":true,"href":"https:\/\/clubdeportivolazubia.com\/index.php?rest_route=%2Fwp%2Fv2%2Ftags&post=3407"}],"curies":[{"name":"wp","href":"https:\/\/api.w.org\/{rel}","templated":true}]}}