
{"id":3266,"date":"2018-05-11T11:06:39","date_gmt":"2018-05-11T11:06:39","guid":{"rendered":"http:\/\/clubdeportivolazubia.com\/?p=3266"},"modified":"2018-05-13T12:21:43","modified_gmt":"2018-05-13T12:21:43","slug":"final-del-circuito-provincial-de-atletismo-en-pista-nunez-blanca-almunecar","status":"publish","type":"post","link":"https:\/\/clubdeportivolazubia.com\/?p=3266","title":{"rendered":"El S\u00e1bado Final del Circuito Provincial de Atletismo en Pista N\u00fa\u00f1ez Blanca, Almu\u00f1ecar"},"content":{"rendered":"<h3>Los\/as atletas del Club Deportivo La Zubia participaran en la final del Circuito Provincial de Atletismo en Pista \u201cN\u00fa\u00f1ez Blanca\u201d que se celebra en Alm\u00fa\u00f1ecar.<span id=\"more-2536\"><\/span><\/h3>\n<p><!--more--><\/p>\n<p>El pr\u00f3ximo s\u00e1bado 12 de mayo se celebra en Alm\u00fa\u00f1ecar la Final del Circuito Provincial de Atletismo en Pista \u201cN\u00fa\u00f1ez Blanca\u201d donde vamos a tener una importante representaci\u00f3n de atletas del Club Deportivo La Zubia, ya que han sido 26 los\/as atletas de nuestro club los que han conseguido clasificarse para esta final.<\/p>\n<p><img decoding=\"async\" loading=\"lazy\" class=\"aligncenter size-full wp-image-3267\" src=\"https:\/\/clubdeportivolazubia.com\/wp-content\/uploads\/2018\/05\/EAIJF.jpg\" alt=\"\" width=\"468\" height=\"591\" srcset=\"https:\/\/clubdeportivolazubia.com\/wp-content\/uploads\/2018\/05\/EAIJF.jpg 468w, https:\/\/clubdeportivolazubia.com\/wp-content\/uploads\/2018\/05\/EAIJF-238x300.jpg 238w\" sizes=\"(max-width: 468px) 100vw, 468px\" \/><\/p>\n<p>Sin olvidarnos de Irene Molina Antequera que estaba clasificada en los 50m y 1.000m pero no podr\u00e1 participar ya que se ha hecho un esguince.<\/p>\n<p><a href=\"http:\/\/www.dipgra.es\/uploaddoc\/areas\/705\/clasificados%20final%20Almu%C3%B1ecar.pdf\">TODOS LOS ATLETAS CLASIFICADOS<\/a><\/p>\n<p><a href=\"http:\/\/www.dipgra.es\/uploaddoc\/areas\/705\/HORARIO%20Final%20Almu%C3%B1ecar.pdf\">HORARIO<\/a><\/p>\n","protected":false},"excerpt":{"rendered":"<p>Los\/as atletas del Club Deportivo La Zubia participaran en la final del Circuito Provincial de Atletismo en Pista \u201cN\u00fa\u00f1ez Blanca\u201d que se celebra en Alm\u00fa\u00f1ecar.<\/p>\n","protected":false},"author":1,"featured_media":3268,"comment_status":"open","ping_status":"open","sticky":false,"template":"","format":"image","meta":{"footnotes":""},"categories":[1],"tags":[],"_links":{"self":[{"href":"https:\/\/clubdeportivolazubia.com\/index.php?rest_route=\/wp\/v2\/posts\/3266"}],"collection":[{"href":"https:\/\/clubdeportivolazubia.com\/index.php?rest_route=\/wp\/v2\/posts"}],"about":[{"href":"https:\/\/clubdeportivolazubia.com\/index.php?rest_route=\/wp\/v2\/types\/post"}],"author":[{"embeddable":true,"href":"https:\/\/clubdeportivolazubia.com\/index.php?rest_route=\/wp\/v2\/users\/1"}],"replies":[{"embeddable":true,"href":"https:\/\/clubdeportivolazubia.com\/index.php?rest_route=%2Fwp%2Fv2%2Fcomments&post=3266"}],"version-history":[{"count":4,"href":"https:\/\/clubdeportivolazubia.com\/index.php?rest_route=\/wp\/v2\/posts\/3266\/revisions"}],"predecessor-version":[{"id":3286,"href":"https:\/\/clubdeportivolazubia.com\/index.php?rest_route=\/wp\/v2\/posts\/3266\/revisions\/3286"}],"wp:featuredmedia":[{"embeddable":true,"href":"https:\/\/clubdeportivolazubia.com\/index.php?rest_route=\/wp\/v2\/media\/3268"}],"wp:attachment":[{"href":"https:\/\/clubdeportivolazubia.com\/index.php?rest_route=%2Fwp%2Fv2%2Fmedia&parent=3266"}],"wp:term":[{"taxonomy":"category","embeddable":true,"href":"https:\/\/clubdeportivolazubia.com\/index.php?rest_route=%2Fwp%2Fv2%2Fcategories&post=3266"},{"taxonomy":"post_tag","embeddable":true,"href":"https:\/\/clubdeportivolazubia.com\/index.php?rest_route=%2Fwp%2Fv2%2Ftags&post=3266"}],"curies":[{"name":"wp","href":"https:\/\/api.w.org\/{rel}","templated":true}]}}