
{"id":3145,"date":"2018-03-12T08:53:36","date_gmt":"2018-03-12T08:53:36","guid":{"rendered":"http:\/\/clubdeportivolazubia.com\/?p=3145"},"modified":"2018-03-12T09:21:34","modified_gmt":"2018-03-12T09:21:34","slug":"control-de-marcas-de-atletismo-en-pista-cubierta-antequera","status":"publish","type":"post","link":"https:\/\/clubdeportivolazubia.com\/?p=3145","title":{"rendered":"Control de Marcas de Atletismo en Pista Cubierta, Antequera"},"content":{"rendered":"<h3>Las atletas Sub16 (cadetes) del Club Deportivo La Zubia consiguen hacer marcas personales en el control de marcas celebrado en el Centro de Tecnificaci\u00f3n Andaluz de Pista Cubierta de Antequera.<!--more--><\/h3>\n<p>El pasado s\u00e1bado 03 de marzo se realiz\u00f3 en el Centro de Tecnificaci\u00f3n Andaluz de Pista Cubierta de Antequera un control de marcas de Atletismo para categor\u00edas menores.<\/p>\n<p>En este control participaron las atletas del Club Deportivo La Zubia de categor\u00eda Sub16 y donde todas nuestras atletas consiguieron hacer mejor marca p\u00e8rsonal en la distancia donde participaron.<\/p>\n<h4>300 m l<\/h4>\n<p>Micaela Martinez Stehning, 43&#8243;30<\/p>\n<h4>600 m l<\/h4>\n<p>Carmen Baena Tiscar, 1&#8217;50&#8243;88<\/p>\n<p>Ana Sanchez Gonzalez, 1&#8217;55&#8243;46<\/p>\n<p>Anabel Pelegrina Quesada, 1&#8217;55&#8243;47<\/p>\n<h4>1.000 m l<\/h4>\n<p>Isabel Krell Calvo, 3&#8217;19&#8243;69<\/p>\n<h4>3.000 m l<\/h4>\n<p>Marias Reyes Ariza, 13&#8217;06&#8243;58<\/p>\n<p><img decoding=\"async\" loading=\"lazy\" class=\"aligncenter size-full wp-image-3143\" src=\"https:\/\/clubdeportivolazubia.com\/wp-content\/uploads\/2018\/03\/Control-pc.jpg\" alt=\"\" width=\"2495\" height=\"1403\" srcset=\"https:\/\/clubdeportivolazubia.com\/wp-content\/uploads\/2018\/03\/Control-pc.jpg 2495w, https:\/\/clubdeportivolazubia.com\/wp-content\/uploads\/2018\/03\/Control-pc-300x169.jpg 300w, https:\/\/clubdeportivolazubia.com\/wp-content\/uploads\/2018\/03\/Control-pc-768x432.jpg 768w, https:\/\/clubdeportivolazubia.com\/wp-content\/uploads\/2018\/03\/Control-pc-1024x576.jpg 1024w\" sizes=\"(max-width: 2495px) 100vw, 2495px\" \/><\/p>\n<p><a href=\"http:\/\/www.fedatletismoandaluz.net\/index.php\/resultados1\/category\/60-malaga\">RESULTADOS<\/a><\/p>\n<hr>\n<p>&nbsp;<\/p>\n","protected":false},"excerpt":{"rendered":"<p>Las atletas Sub16 (cadetes) del Club Deportivo La Zubia consiguen hacer marcas personales en el control de marcas celebrado en el Centro de Tecnificaci\u00f3n Andaluz de Pista Cubierta de Antequera.<\/p>\n","protected":false},"author":1,"featured_media":3143,"comment_status":"open","ping_status":"open","sticky":false,"template":"","format":"image","meta":{"footnotes":""},"categories":[1],"tags":[],"_links":{"self":[{"href":"https:\/\/clubdeportivolazubia.com\/index.php?rest_route=\/wp\/v2\/posts\/3145"}],"collection":[{"href":"https:\/\/clubdeportivolazubia.com\/index.php?rest_route=\/wp\/v2\/posts"}],"about":[{"href":"https:\/\/clubdeportivolazubia.com\/index.php?rest_route=\/wp\/v2\/types\/post"}],"author":[{"embeddable":true,"href":"https:\/\/clubdeportivolazubia.com\/index.php?rest_route=\/wp\/v2\/users\/1"}],"replies":[{"embeddable":true,"href":"https:\/\/clubdeportivolazubia.com\/index.php?rest_route=%2Fwp%2Fv2%2Fcomments&post=3145"}],"version-history":[{"count":3,"href":"https:\/\/clubdeportivolazubia.com\/index.php?rest_route=\/wp\/v2\/posts\/3145\/revisions"}],"predecessor-version":[{"id":3151,"href":"https:\/\/clubdeportivolazubia.com\/index.php?rest_route=\/wp\/v2\/posts\/3145\/revisions\/3151"}],"wp:featuredmedia":[{"embeddable":true,"href":"https:\/\/clubdeportivolazubia.com\/index.php?rest_route=\/wp\/v2\/media\/3143"}],"wp:attachment":[{"href":"https:\/\/clubdeportivolazubia.com\/index.php?rest_route=%2Fwp%2Fv2%2Fmedia&parent=3145"}],"wp:term":[{"taxonomy":"category","embeddable":true,"href":"https:\/\/clubdeportivolazubia.com\/index.php?rest_route=%2Fwp%2Fv2%2Fcategories&post=3145"},{"taxonomy":"post_tag","embeddable":true,"href":"https:\/\/clubdeportivolazubia.com\/index.php?rest_route=%2Fwp%2Fv2%2Ftags&post=3145"}],"curies":[{"name":"wp","href":"https:\/\/api.w.org\/{rel}","templated":true}]}}