
{"id":2190,"date":"2017-02-22T13:04:22","date_gmt":"2017-02-22T13:04:22","guid":{"rendered":"http:\/\/clubdeportivolazubia.com\/?p=2190"},"modified":"2017-02-23T08:51:31","modified_gmt":"2017-02-23T08:51:31","slug":"prueba-de-fondo-villa-de-albolote","status":"publish","type":"post","link":"https:\/\/clubdeportivolazubia.com\/?p=2190","title":{"rendered":"Prueba de Fondo Villa de Albolote"},"content":{"rendered":"<h3>Los\/as atletas del Club Deportivo La Zubia participan en la Prueba de Fondo Villa de Albolote.<\/h3>\n<p><!--more--><\/p>\n<p><img decoding=\"async\" loading=\"lazy\" class=\"aligncenter wp-image-2191\" src=\"https:\/\/clubdeportivolazubia.com\/wp-content\/uploads\/2017\/02\/Albolote-1.jpg\" alt=\"\" width=\"567\" height=\"426\" srcset=\"https:\/\/clubdeportivolazubia.com\/wp-content\/uploads\/2017\/02\/Albolote-1.jpg 1600w, https:\/\/clubdeportivolazubia.com\/wp-content\/uploads\/2017\/02\/Albolote-1-300x225.jpg 300w, https:\/\/clubdeportivolazubia.com\/wp-content\/uploads\/2017\/02\/Albolote-1-768x576.jpg 768w, https:\/\/clubdeportivolazubia.com\/wp-content\/uploads\/2017\/02\/Albolote-1-1024x768.jpg 1024w\" sizes=\"(max-width: 567px) 100vw, 567px\" \/><\/p>\n<p style=\"text-align: justify;\">El domingo d\u00eda 19 de febrero se celebro la segunda prueba del Gran Premio de Fondo de La Diputaci\u00f3n de Granada con la XXV edici\u00f3n de la Prueba de Fondo \u00abVilla de Albolote\u00bb, donde hubo una importante representaci\u00f3n de atletas del Club Deportivo La Zubia.<\/p>\n<p style=\"text-align: justify;\">Los ganadores absolutos fueron en categor\u00eda femenina Mar\u00eda Dolores Diez Santaella y en categor\u00eda masculina Juan Perez Gonzalez.<\/p>\n<p style=\"text-align: justify;\">Los atletas participantes del club en esta edici\u00f3n han sido:<\/p>\n<ul>\n<li>Antonio Fernandez del Paso<\/li>\n<li>Mari Carmen Bazan Diez<\/li>\n<li>Raul Quesada Galvez<\/li>\n<li>Eduardo Gonzalez-Aurioles Hita<\/li>\n<li>Moises Ia\u00f1ez Diez<\/li>\n<li>Francisco Javier Contreras Blanco<\/li>\n<li>Andres Molina Sanchez<\/li>\n<li>Jose Antonio Alvarez Molina<\/li>\n<li>Manuel Vilchez Carranza<\/li>\n<li>Esther Gonzalez Castellon<\/li>\n<li>Manuel Escalona Ya\u00f1ez<\/li>\n<\/ul>\n<p>&nbsp;<\/p>\n<p><a href=\"http:\/\/www.gpfdipgra.es\/index.php\/resultados\/category\/9-xxiv-prueba-de-fondo-juan-antonio-ruiz-navarro-villa-de-albolote\">RESULTADOS<\/a><\/p>\n<hr \/>\n<p>&nbsp;<\/p>\n","protected":false},"excerpt":{"rendered":"<p>Los\/as atletas del Club Deportivo La Zubia participan en la Prueba de Fondo Villa de Albolote.<\/p>\n","protected":false},"author":1,"featured_media":2191,"comment_status":"open","ping_status":"open","sticky":false,"template":"","format":"image","meta":{"footnotes":""},"categories":[1],"tags":[],"_links":{"self":[{"href":"https:\/\/clubdeportivolazubia.com\/index.php?rest_route=\/wp\/v2\/posts\/2190"}],"collection":[{"href":"https:\/\/clubdeportivolazubia.com\/index.php?rest_route=\/wp\/v2\/posts"}],"about":[{"href":"https:\/\/clubdeportivolazubia.com\/index.php?rest_route=\/wp\/v2\/types\/post"}],"author":[{"embeddable":true,"href":"https:\/\/clubdeportivolazubia.com\/index.php?rest_route=\/wp\/v2\/users\/1"}],"replies":[{"embeddable":true,"href":"https:\/\/clubdeportivolazubia.com\/index.php?rest_route=%2Fwp%2Fv2%2Fcomments&post=2190"}],"version-history":[{"count":13,"href":"https:\/\/clubdeportivolazubia.com\/index.php?rest_route=\/wp\/v2\/posts\/2190\/revisions"}],"predecessor-version":[{"id":2214,"href":"https:\/\/clubdeportivolazubia.com\/index.php?rest_route=\/wp\/v2\/posts\/2190\/revisions\/2214"}],"wp:featuredmedia":[{"embeddable":true,"href":"https:\/\/clubdeportivolazubia.com\/index.php?rest_route=\/wp\/v2\/media\/2191"}],"wp:attachment":[{"href":"https:\/\/clubdeportivolazubia.com\/index.php?rest_route=%2Fwp%2Fv2%2Fmedia&parent=2190"}],"wp:term":[{"taxonomy":"category","embeddable":true,"href":"https:\/\/clubdeportivolazubia.com\/index.php?rest_route=%2Fwp%2Fv2%2Fcategories&post=2190"},{"taxonomy":"post_tag","embeddable":true,"href":"https:\/\/clubdeportivolazubia.com\/index.php?rest_route=%2Fwp%2Fv2%2Ftags&post=2190"}],"curies":[{"name":"wp","href":"https:\/\/api.w.org\/{rel}","templated":true}]}}