
{"id":1946,"date":"2016-12-05T13:00:52","date_gmt":"2016-12-05T13:00:52","guid":{"rendered":"http:\/\/clubdeportivolazubia.com\/?p=1946"},"modified":"2017-01-01T20:12:26","modified_gmt":"2017-01-01T20:12:26","slug":"carrera-de-fondo-villa-de-cajar-2","status":"publish","type":"post","link":"https:\/\/clubdeportivolazubia.com\/?p=1946","title":{"rendered":"Carrera de Fondo \u00abVilla de Cajar\u00bb"},"content":{"rendered":"<h3 style=\"text-align: justify;\">Ester Fernandez Bazan del Club Deportivo La Zubia\u00a0ha \u00a0sido la\u00a0ganadora absoluta femenina de la XXV Carrera de Fondo \u00abVilla de Cajar\u00bb.<!--more--><\/h3>\n<p><img decoding=\"async\" loading=\"lazy\" class=\"aligncenter wp-image-1941\" src=\"https:\/\/clubdeportivolazubia.com\/wp-content\/uploads\/2016\/12\/Cajar.jpg\" alt=\"cajar\" width=\"298\" height=\"334\" srcset=\"https:\/\/clubdeportivolazubia.com\/wp-content\/uploads\/2016\/12\/Cajar.jpg 1428w, https:\/\/clubdeportivolazubia.com\/wp-content\/uploads\/2016\/12\/Cajar-268x300.jpg 268w, https:\/\/clubdeportivolazubia.com\/wp-content\/uploads\/2016\/12\/Cajar-768x861.jpg 768w, https:\/\/clubdeportivolazubia.com\/wp-content\/uploads\/2016\/12\/Cajar-914x1024.jpg 914w\" sizes=\"(max-width: 298px) 100vw, 298px\" \/><\/p>\n<p style=\"text-align: justify;\">Los\/as atletas del Club Deportivo La Zubia consiguen unos magn\u00edficos resultados en la XXV Carrera Urbana \u00abVilla de Cajar\u00bb celebrada el domingo 4 de diciembre ya que han conseguido mas de veinte puestos de podium.<\/p>\n<ul>\n<li><a href=\"http:\/\/www.global-tempo.com\/carreras.php?id=468\">RESULTADOS<\/a><\/li>\n<li><a href=\"https:\/\/plus.google.com\/photos\/118020432489536335738\/albums\/6360349922075935889\">FOTOS<\/a><\/li>\n<\/ul>\n<h3 style=\"text-align: center;\">RESULTADOS DE LOS ATLETAS DEL<\/h3>\n<h3 style=\"text-align: center;\">CLUB DEPORTIVO LA ZUBIA<\/h3>\n<p><strong>PREBENJAMIN MASCULINO<\/strong><\/p>\n<p style=\"text-align: left;\">1\u00ba Pau S\u00e1nchez Recuero.<\/p>\n<p style=\"text-align: left;\">8\u00ba Pablo Solera Garc\u00eda.<\/p>\n<p style=\"text-align: left;\">13\u00ba H\u00e9ctor Mart\u00ednez Apolonio.<\/p>\n<p style=\"text-align: left;\"><strong>PREBENJAMIN FEMENINO<\/strong><\/p>\n<p style=\"text-align: left;\">4\u00aa Nuria S\u00e1nchez Martin.<\/p>\n<p style=\"text-align: left;\">5\u00aa Paula \u00c1guila Hurtado<\/p>\n<p style=\"text-align: left;\"><strong>BENJAMIN MASCULINO<\/strong><\/p>\n<p style=\"text-align: left;\">1\u00ba\u00a0Lucas Mart\u00ednez Stehning.<\/p>\n<p style=\"text-align: left;\">2\u00ba Ignacio Vidal de Federico.<\/p>\n<p style=\"text-align: left;\">11\u00ba Samuel S\u00e1nchez Unica.<\/p>\n<p style=\"text-align: left;\"><strong>BENJAMIN FEMENINO<\/strong><\/p>\n<p style=\"text-align: left;\">1\u00aa Alicia S\u00e1nchez Esp\u00ednola.<\/p>\n<p style=\"text-align: left;\">2\u00aa Miriam S\u00e1nchez Esp\u00ednola.<\/p>\n<p style=\"text-align: left;\">4\u00aa Almudena del Castillo \u00c1lvarez.<\/p>\n<p style=\"text-align: left;\">5\u00aa Iria S\u00e1ez Castillo.<\/p>\n<p style=\"text-align: left;\"><strong>ALEVIN MASCULINO<\/strong><\/p>\n<p style=\"text-align: left;\">5\u00ba Juan Manuel S\u00e1nchez Martin.<\/p>\n<p style=\"text-align: left;\"><strong>ALEVIN FEMENINO<\/strong><\/p>\n<p style=\"text-align: left;\">2\u00aa Laura Casalini V\u00e1zquez.<\/p>\n<p style=\"text-align: left;\">4\u00aa Marta Baena Tiscar.<\/p>\n<p style=\"text-align: left;\">6\u00aa Eva \u00c1guila Hurtado.<\/p>\n<p style=\"text-align: left;\">7\u00aa Mar\u00eda Casanova Pi\u00f1ar.<\/p>\n<p style=\"text-align: left;\">8\u00aa Carla S\u00e1nchez Recuero.<\/p>\n<p style=\"text-align: left;\">9\u00aa Roci\u00f3 Molina Luis.<\/p>\n<p style=\"text-align: left;\"><strong>INFANTIL MASCULINO<\/strong><\/p>\n<p style=\"text-align: left;\">1\u00ba Pablo Alcalde Qui\u00f1ones.<\/p>\n<p style=\"text-align: left;\">4\u00ba Gerardo Fern\u00e1ndez Nogueras.<\/p>\n<p style=\"text-align: left;\">6\u00ba Jose Daniel Mart\u00ednez Stehning.<\/p>\n<p style=\"text-align: left;\">7\u00ba Daniel Casalini V\u00e1zquez.<\/p>\n<p style=\"text-align: left;\"><strong>INFANTIL FEMENINO<\/strong><\/p>\n<p style=\"text-align: left;\">1\u00aa Micaela Mart\u00ednez Stehning.<\/p>\n<p style=\"text-align: left;\">3\u00aa Carmen Baena Tiscar.<\/p>\n<p style=\"text-align: left;\">4\u00aa Isabel Krell Calvo.<\/p>\n<p style=\"text-align: left;\">5\u00aa Mar\u00eda Reyes Ariza.<\/p>\n<p style=\"text-align: left;\"><strong>JUVENIL MASCULINO<\/strong><\/p>\n<p>1\u00ba El\u00edas Melchor Juan.<\/p>\n<p style=\"text-align: left;\"><strong>JUVENIL FEMENINO<\/strong><\/p>\n<p style=\"text-align: left;\">1\u00aa Amoroe P\u00e9rez Baz\u00e1n.<\/p>\n<p style=\"text-align: left;\">2\u00aa M\u00f3nica Jim\u00e9nez Carretero.<\/p>\n<p style=\"text-align: left;\"><strong>SENIOR MASCULINO<\/strong><\/p>\n<p style=\"text-align: left;\">6\u00ba David Jim\u00e9nez Carretero.<\/p>\n<p style=\"text-align: left;\"><strong>SENIOR FEMENINO<\/strong><\/p>\n<p>1\u00aa \u00a0Ester Fern\u00e1ndez Baz\u00e1n.<\/p>\n<p style=\"text-align: left;\"><strong>VETERANOS B<\/strong><\/p>\n<p>8\u00ba Manuel Vilchez Carranza.<\/p>\n<p style=\"text-align: left;\"><strong>VETERANAS B<\/strong><\/p>\n<p style=\"text-align: left;\">1\u00aa Mirian Esp\u00ednola Ram\u00edrez.<\/p>\n<p style=\"text-align: left;\">4\u00aa Almudena Baz\u00e1n Diez.<\/p>\n<p><strong>VETERANOS C<\/strong><\/p>\n<p style=\"text-align: left;\">2\u00ba Tino Krell.<\/p>\n<p style=\"text-align: left;\">4\u00ba Jos\u00e9 Antonio \u00c1lvarez Molina.<\/p>\n<p style=\"text-align: left;\">5\u00ba Ra\u00fal Quesada G\u00e1lvez.<\/p>\n<p style=\"text-align: left;\"><strong>VETERANAS C<\/strong><\/p>\n<p style=\"text-align: left;\">1\u00aa M\u00aa Carmen Puebla Rej\u00f3n.<\/p>\n<p style=\"text-align: left;\">3\u00aa Katja Stehning.<\/p>\n<p style=\"text-align: left;\"><strong>VETERANOS D<\/strong><\/p>\n<p style=\"text-align: left;\">1\u00ba Antonio Fern\u00e1ndez del Paso.<\/p>\n<p style=\"text-align: left;\">5\u00ba Antonio Ortega Muros.<\/p>\n<p style=\"text-align: left;\">7\u00ba Jos\u00e9 Antonio Molina Baz\u00e1n.<\/p>\n<p style=\"text-align: left;\"><strong>VETERANAS D<\/strong><\/p>\n<p style=\"text-align: left;\">1\u00aa Carmen Mingorance Garc\u00eda.<\/p>\n<p style=\"text-align: left;\">3\u00aa Margarita Ortiz Molina.<\/p>\n<p style=\"text-align: left;\">7\u00aa M\u00aa Carmen Baz\u00e1n Diez.<\/p>\n<p style=\"text-align: left;\"><strong>VETERANOS E<\/strong><\/p>\n<p style=\"text-align: left;\">3\u00ba Andr\u00e9s Molina S\u00e1nchez.<\/p>\n<p style=\"text-align: left;\">4\u00ba Mois\u00e9s Ia\u00f1ez D\u00edez.<\/p>\n<p style=\"text-align: left;\"><strong>VETERANAS E<\/strong><\/p>\n<p>1\u00aa Esther Gonz\u00e1lez Castell\u00f3n.<\/p>\n<p>&nbsp;<\/p>\n<hr \/>\n<p>&nbsp;<\/p>\n","protected":false},"excerpt":{"rendered":"<p>Ester Fernandez Bazan del Club Deportivo La Zubia\u00a0ha \u00a0sido la\u00a0ganadora absoluta femenina de la XXV Carrera de Fondo \u00abVilla de Cajar\u00bb.<\/p>\n","protected":false},"author":1,"featured_media":1945,"comment_status":"open","ping_status":"open","sticky":false,"template":"","format":"image","meta":{"footnotes":""},"categories":[1],"tags":[],"_links":{"self":[{"href":"https:\/\/clubdeportivolazubia.com\/index.php?rest_route=\/wp\/v2\/posts\/1946"}],"collection":[{"href":"https:\/\/clubdeportivolazubia.com\/index.php?rest_route=\/wp\/v2\/posts"}],"about":[{"href":"https:\/\/clubdeportivolazubia.com\/index.php?rest_route=\/wp\/v2\/types\/post"}],"author":[{"embeddable":true,"href":"https:\/\/clubdeportivolazubia.com\/index.php?rest_route=\/wp\/v2\/users\/1"}],"replies":[{"embeddable":true,"href":"https:\/\/clubdeportivolazubia.com\/index.php?rest_route=%2Fwp%2Fv2%2Fcomments&post=1946"}],"version-history":[{"count":16,"href":"https:\/\/clubdeportivolazubia.com\/index.php?rest_route=\/wp\/v2\/posts\/1946\/revisions"}],"predecessor-version":[{"id":2033,"href":"https:\/\/clubdeportivolazubia.com\/index.php?rest_route=\/wp\/v2\/posts\/1946\/revisions\/2033"}],"wp:featuredmedia":[{"embeddable":true,"href":"https:\/\/clubdeportivolazubia.com\/index.php?rest_route=\/wp\/v2\/media\/1945"}],"wp:attachment":[{"href":"https:\/\/clubdeportivolazubia.com\/index.php?rest_route=%2Fwp%2Fv2%2Fmedia&parent=1946"}],"wp:term":[{"taxonomy":"category","embeddable":true,"href":"https:\/\/clubdeportivolazubia.com\/index.php?rest_route=%2Fwp%2Fv2%2Fcategories&post=1946"},{"taxonomy":"post_tag","embeddable":true,"href":"https:\/\/clubdeportivolazubia.com\/index.php?rest_route=%2Fwp%2Fv2%2Ftags&post=1946"}],"curies":[{"name":"wp","href":"https:\/\/api.w.org\/{rel}","templated":true}]}}