
{"id":1931,"date":"2016-11-28T09:02:30","date_gmt":"2016-11-28T09:02:30","guid":{"rendered":"http:\/\/clubdeportivolazubia.com\/?p=1931"},"modified":"2016-12-11T19:08:22","modified_gmt":"2016-12-11T19:08:22","slug":"circuito-provincial-cross-bednar","status":"publish","type":"post","link":"https:\/\/clubdeportivolazubia.com\/?p=1931","title":{"rendered":"Circuito Provincial Cross, Beznar."},"content":{"rendered":"<h3 style=\"text-align: justify;\">Excelentes los resultados y la participaci\u00f3n de los\/as atletas del Club Deportivo La Zubia en el Cross de Beznar.<\/h3>\n<p><!--more--><\/p>\n<p style=\"text-align: justify;\">Con una climatolog\u00eda totalmente adversa, fr\u00edo, viento y lluvia pero propia de una competici\u00f3n de Cross se celebr\u00f3 en el municipio de Beznar la segunda prueba del Circuito Provincial de Campo a Trav\u00e9s.<\/p>\n<p style=\"text-align: justify;\">Los\/as atletas del Club Deportivo La Zubia consiguieron unos magn\u00edficos resultados tanto a nivel individual como a nivel colectivo.<\/p>\n<p style=\"text-align: justify;\">A nivel individual consiguieron subir al podium en mas de diez ocasiones y a nivel colectivo fue el club con mas atletas participantes.<\/p>\n<p><img decoding=\"async\" loading=\"lazy\" class=\"aligncenter size-full wp-image-1932\" src=\"https:\/\/clubdeportivolazubia.com\/wp-content\/uploads\/2016\/11\/Cross-Bednar.jpg\" alt=\"cross-bednar\" width=\"1560\" height=\"1234\" srcset=\"https:\/\/clubdeportivolazubia.com\/wp-content\/uploads\/2016\/11\/Cross-Bednar.jpg 1560w, https:\/\/clubdeportivolazubia.com\/wp-content\/uploads\/2016\/11\/Cross-Bednar-300x237.jpg 300w, https:\/\/clubdeportivolazubia.com\/wp-content\/uploads\/2016\/11\/Cross-Bednar-768x608.jpg 768w, https:\/\/clubdeportivolazubia.com\/wp-content\/uploads\/2016\/11\/Cross-Bednar-1024x810.jpg 1024w\" sizes=\"(max-width: 1560px) 100vw, 1560px\" \/><\/p>\n<p><a href=\"https:\/\/plus.google.com\/photos\/118020432489536335738\/albums\/6357342225492170593\">FOTOS<\/a><\/p>\n<p><a href=\"http:\/\/www.global-tempo.com\/carreras.php?id=463\">RESULTADOS<\/a><\/p>\n<h3 style=\"text-align: center;\">RESULTADOS DE LOS ATLETAS DEL<\/h3>\n<h3 style=\"text-align: center;\">CLUB DEPORTIVO LA ZUBIA<\/h3>\n<p>&nbsp;<\/p>\n<p style=\"padding-left: 30px;\"><strong>SENIOR MASCULINO<\/strong><\/p>\n<p style=\"padding-left: 30px;\">3\u00ba Rub\u00e9n Salcedo S\u00e1nchez.<\/p>\n<p style=\"padding-left: 30px;\">5\u00ba Rub\u00e9n Idigoras Priego.<\/p>\n<p style=\"padding-left: 30px;\"><strong>SENIOR FEMENINO<\/strong><\/p>\n<p style=\"padding-left: 30px;\">1\u00aa \u00a0Ester Fern\u00e1ndez Baz\u00e1n.<\/p>\n<p style=\"padding-left: 30px;\"><strong>VETERANOS<\/strong><\/p>\n<p style=\"padding-left: 30px;\">1\u00ba Enrique Molina Vargas.<\/p>\n<p style=\"padding-left: 30px;\">8\u00ba F\u00ba Javier Rodr\u00edguez Ruiz.<\/p>\n<p style=\"padding-left: 30px;\">9\u00ba Tino Krell.<\/p>\n<p style=\"padding-left: 30px;\">10\u00ba Antonio Fern\u00e1ndez del Paso.<\/p>\n<p style=\"padding-left: 30px;\">15\u00ba Antonio Ortega Muros.<\/p>\n<p style=\"padding-left: 30px;\">16\u00ba Eduardo Avellaneda Fern\u00e1ndez.<\/p>\n<p style=\"padding-left: 30px;\">19\u00ba Manuel Polo Mesa.<\/p>\n<p style=\"padding-left: 30px;\">21\u00ba Jos\u00e9 Antonio \u00c1lvarez Molina.<\/p>\n<p style=\"padding-left: 30px;\">25\u00ba Ra\u00fal Quesada G\u00e1lvez.<\/p>\n<p style=\"padding-left: 30px;\"><strong>VETERANAS<\/strong><\/p>\n<p style=\"padding-left: 30px;\">1\u00aa M\u00aa Carmen Puebla Rej\u00f3n.<\/p>\n<p style=\"padding-left: 30px;\">2\u00aa Carmen Mingorance Garc\u00eda.<\/p>\n<p style=\"padding-left: 30px;\">3\u00aa Mirian Esp\u00ednola Ram\u00edrez.<\/p>\n<p style=\"padding-left: 30px;\">5\u00aa Esther Gonz\u00e1lez Castell\u00f3n.<\/p>\n<p style=\"padding-left: 30px;\">6\u00aa Katja Stehning.<\/p>\n<p style=\"padding-left: 30px;\">7\u00aa Belen Calvo Villanueva.<\/p>\n<p style=\"padding-left: 30px;\">8\u00aa Emile Quesada Gallego.<\/p>\n<p style=\"padding-left: 30px;\"><strong>JUNIOR MASCULINO<\/strong><\/p>\n<p style=\"padding-left: 30px;\">6\u00ba Carlos Reyes Ariza.<\/p>\n<p style=\"padding-left: 30px;\"><strong>JUVENIL FEMENINO<\/strong><\/p>\n<p style=\"padding-left: 30px;\">4\u00aa Amoroe P\u00e9rez Baz\u00e1n.<\/p>\n<p style=\"padding-left: 30px;\"><strong>CADETE MASCULINO<\/strong><\/p>\n<p style=\"padding-left: 30px;\">15\u00ba Gerardo Fern\u00e1ndez Nogueras.<\/p>\n<p style=\"padding-left: 30px;\">19\u00ba Daniel Casalini V\u00e1zquez.<\/p>\n<p style=\"padding-left: 30px;\"><strong>CADETE FEMENINO<\/strong><\/p>\n<p style=\"padding-left: 30px;\">3\u00aa Micaela Mart\u00ednez Stehning.<\/p>\n<p style=\"padding-left: 30px;\">4\u00aa Isabel Krell Calvo.<\/p>\n<p style=\"padding-left: 30px;\">8\u00aa Carmen Baena Tiscar.<\/p>\n<p style=\"padding-left: 30px;\">10\u00aa Ana S\u00e1nchez Gonz\u00e1lez.<\/p>\n<p style=\"padding-left: 30px;\">12\u00aa Anabel Peregrina Quesada.<\/p>\n<p style=\"padding-left: 30px;\">18\u00aa Lucia Avellaneda Garc\u00eda.<\/p>\n<p style=\"padding-left: 30px;\"><strong>INFANTIL MASCULINO<\/strong><\/p>\n<p style=\"padding-left: 30px;\">1\u00ba Pablo Alcalde Qui\u00f1ones.<\/p>\n<p style=\"padding-left: 30px;\">13\u00ba Martin Molina Giner.<\/p>\n<p style=\"padding-left: 30px;\"><strong>INFANTIL FEMENINA<\/strong><\/p>\n<p style=\"padding-left: 30px;\">6\u00aa Laura Casalini V\u00e1zquez.<\/p>\n<p style=\"padding-left: 30px;\">8\u00aa Mar\u00eda Reyes Ariza.<\/p>\n<p style=\"padding-left: 30px;\">10\u00aa Eva \u00c1guila Hurtado.<\/p>\n<p style=\"padding-left: 30px;\"><strong>ALEVIN MASCULINO<\/strong><\/p>\n<p style=\"padding-left: 30px;\">4\u00ba\u00a0Lucas Mart\u00ednez Stehning.<\/p>\n<p style=\"padding-left: 30px;\">7\u00ba Juan Manuel S\u00e1nchez Martin.<\/p>\n<p style=\"padding-left: 30px;\">14\u00ba Ignacio Vidal de Federico.<\/p>\n<p style=\"padding-left: 30px;\">22\u00ba \u00c1ngel Jim\u00e9nez S\u00e1nchez.<\/p>\n<p style=\"padding-left: 30px;\">25\u00ba Alejandro Jim\u00e9nez Fiestas.<\/p>\n<p style=\"padding-left: 30px;\"><strong>ALEVIN FEMENINO<\/strong><\/p>\n<p style=\"padding-left: 30px;\">1\u00aa Alicia S\u00e1nchez Esp\u00ednola.<\/p>\n<p style=\"padding-left: 30px;\">2\u00aa Miriam S\u00e1nchez Esp\u00ednola.<\/p>\n<p style=\"padding-left: 30px;\">3\u00aa Marta Baena Tiscar<\/p>\n<p style=\"padding-left: 30px;\">8\u00aa Ariadna Rodr\u00edguez Baz\u00e1n.<\/p>\n<p style=\"padding-left: 30px;\">9\u00aa Mar\u00eda Casanova Pi\u00f1ar.<\/p>\n<p style=\"padding-left: 30px;\">12\u00aa Carla S\u00e1nchez Recuero.<\/p>\n<p style=\"padding-left: 30px;\">17\u00aa Almudena del Castillo \u00c1lvarez.<\/p>\n<p style=\"padding-left: 30px;\"><strong>BENJAMIN MASCULINO<\/strong><\/p>\n<p style=\"padding-left: 30px;\">7\u00ba Pau S\u00e1nchez Recuero.<\/p>\n<p style=\"padding-left: 30px;\">11\u00ba Javier Jim\u00e9nez Fiestas.<\/p>\n<p style=\"padding-left: 30px;\">27\u00ba Marcos Moya S\u00e1nchez.<\/p>\n<p style=\"padding-left: 30px;\"><strong>BENJAMIN FEMENINO<\/strong><\/p>\n<p style=\"padding-left: 30px;\">11\u00aa Iria S\u00e1ez Castillo.<\/p>\n<p style=\"padding-left: 30px;\"><strong>PREBENJAMIN MASCULINO<\/strong><\/p>\n<p style=\"padding-left: 30px;\">5\u00aa Pablo Solera Garc\u00eda.<\/p>\n<p style=\"padding-left: 30px;\">6\u00ba Eduardo Avellaneda Garc\u00eda.<\/p>\n<hr \/>\n<p>&nbsp;<\/p>\n","protected":false},"excerpt":{"rendered":"<p>Excelentes los resultados y la participaci\u00f3n de los\/as atletas del Club Deportivo La Zubia en el Cross de Beznar.<\/p>\n","protected":false},"author":1,"featured_media":1932,"comment_status":"open","ping_status":"open","sticky":false,"template":"","format":"image","meta":{"footnotes":""},"categories":[1],"tags":[],"_links":{"self":[{"href":"https:\/\/clubdeportivolazubia.com\/index.php?rest_route=\/wp\/v2\/posts\/1931"}],"collection":[{"href":"https:\/\/clubdeportivolazubia.com\/index.php?rest_route=\/wp\/v2\/posts"}],"about":[{"href":"https:\/\/clubdeportivolazubia.com\/index.php?rest_route=\/wp\/v2\/types\/post"}],"author":[{"embeddable":true,"href":"https:\/\/clubdeportivolazubia.com\/index.php?rest_route=\/wp\/v2\/users\/1"}],"replies":[{"embeddable":true,"href":"https:\/\/clubdeportivolazubia.com\/index.php?rest_route=%2Fwp%2Fv2%2Fcomments&post=1931"}],"version-history":[{"count":7,"href":"https:\/\/clubdeportivolazubia.com\/index.php?rest_route=\/wp\/v2\/posts\/1931\/revisions"}],"predecessor-version":[{"id":1980,"href":"https:\/\/clubdeportivolazubia.com\/index.php?rest_route=\/wp\/v2\/posts\/1931\/revisions\/1980"}],"wp:featuredmedia":[{"embeddable":true,"href":"https:\/\/clubdeportivolazubia.com\/index.php?rest_route=\/wp\/v2\/media\/1932"}],"wp:attachment":[{"href":"https:\/\/clubdeportivolazubia.com\/index.php?rest_route=%2Fwp%2Fv2%2Fmedia&parent=1931"}],"wp:term":[{"taxonomy":"category","embeddable":true,"href":"https:\/\/clubdeportivolazubia.com\/index.php?rest_route=%2Fwp%2Fv2%2Fcategories&post=1931"},{"taxonomy":"post_tag","embeddable":true,"href":"https:\/\/clubdeportivolazubia.com\/index.php?rest_route=%2Fwp%2Fv2%2Ftags&post=1931"}],"curies":[{"name":"wp","href":"https:\/\/api.w.org\/{rel}","templated":true}]}}